{"id":1009,"date":"2022-10-18T08:37:26","date_gmt":"2022-10-18T08:37:26","guid":{"rendered":"https:\/\/intelligent-chatelet.51-83-109-90.plesk.page\/?p=1009"},"modified":"2023-01-25T16:23:55","modified_gmt":"2023-01-25T15:23:55","slug":"portrait-de-femme","status":"publish","type":"post","link":"https:\/\/lamallemaubeugeoise.fr\/index.php\/2022\/10\/18\/portrait-de-femme\/","title":{"rendered":"Portrait de femme"},"content":{"rendered":"\t\t<div data-elementor-type=\"wp-post\" data-elementor-id=\"1009\" class=\"elementor elementor-1009\" data-elementor-post-type=\"post\">\n\t\t\t\t\t\t<section class=\"elementor-section elementor-top-section elementor-element elementor-element-77adc4a5 elementor-section-boxed elementor-section-height-default elementor-section-height-default\" data-id=\"77adc4a5\" data-element_type=\"section\" data-e-type=\"section\">\n\t\t\t\t\t\t<div class=\"elementor-container elementor-column-gap-default\">\n\t\t\t\t\t<div class=\"elementor-column elementor-col-100 elementor-top-column elementor-element elementor-element-974b46\" data-id=\"974b46\" data-element_type=\"column\" data-e-type=\"column\">\n\t\t\t<div class=\"elementor-widget-wrap elementor-element-populated\">\n\t\t\t\t\t\t<div class=\"elementor-element elementor-element-77d97bf9 elementor-widget elementor-widget-text-editor\" data-id=\"77d97bf9\" data-element_type=\"widget\" data-e-type=\"widget\" data-widget_type=\"text-editor.default\">\n\t\t\t\t<div class=\"elementor-widget-container\">\n\t\t\t\t\t\t\t\t\t<p><strong>La Joconde \u00e0 la mode \u00e9trusque\u00a0? <\/strong><\/p><p>Massimo CAMPIGLI (1895 \u2013 1971)<br \/><em>Portrait de femme<\/em> <br \/>1948 <br \/>Huile sur toile <br \/>55 x 38 cm <br \/>Maubeuge, Mus\u00e9e Henri Bo\u00ebz<\/p><p>Massimo Campigli est un artiste italien dont les peintures reposent sur une qu\u00eate de sym\u00e9trie qui confine \u00e0 la g\u00e9om\u00e9trie. Ses inspirations se trouvent ainsi dans les arts \u00e9trusques qui, comme ici, offrent une place importante au d\u00e9coratif et cr\u00e9ent des visages hi\u00e9ratiques et l\u00e9g\u00e8rement souriants.<\/p><p>Ici, l\u2019arri\u00e8re-plan est r\u00e9alis\u00e9 dans un cama\u00efeu de roses, tra\u00e7ant des motifs g\u00e9om\u00e9triques. Le mod\u00e8le se tient droit, son visage est lisse, compos\u00e9 autour d\u2019un nez et d\u2019yeux particuli\u00e8rement marqu\u00e9s et d\u2019une petite bouche l\u00e9g\u00e8rement souriante, le regard port\u00e9 au loin. Il serait difficile d\u2019identifier la femme ayant servi de mod\u00e8le \u00e0 l\u2019artiste.<\/p><p>Cette peinture se rapproche d\u2019un courant stylistique et de pens\u00e9e qui s\u2019appelle le \u00ab\u00a0primitivisme.\u00a0\u00bb D\u00e9j\u00e0 mis en \u0153uvre par les avant-gardes, au d\u00e9but du XXe si\u00e8cle, il s\u2019agit d\u2019un courant qui poussent les artistes \u00e0 regarder les \u0153uvres du pass\u00e9, celles d\u2019autres civilisations ou d\u2019avant la Renaissance, pour s\u2019en inspirer et cr\u00e9er \u00e0 leur tour. L\u2019objectif est alors de renouveler l\u2019art en se tournant vers des formes \u00ab\u00a0originelles\u00a0\u00bb, bien souvent simples voire g\u00e9om\u00e9triques.<\/p>\t\t\t\t\t\t\t\t<\/div>\n\t\t\t\t<\/div>\n\t\t\t\t\t<\/div>\n\t\t<\/div>\n\t\t\t\t\t<\/div>\n\t\t<\/section>\n\t\t\t\t<\/div>\n\t\t","protected":false},"excerpt":{"rendered":"<p>La Joconde \u00e0 la mode \u00e9trusque&nbsp;? Massimo CAMPIGLI (1895 \u2013 1971) Portrait de femme 1948 Huile sur toile 55 x 38 cm Maubeuge, Mus\u00e9e Henri Bo\u00ebz Massimo Campigli est un artiste italien dont les peintures reposent sur une qu\u00eate de sym\u00e9trie qui confine \u00e0 la g\u00e9om\u00e9trie. Ses inspirations se trouvent ainsi dans les arts \u00e9trusques [&hellip;]<\/p>\n","protected":false},"author":2,"featured_media":347,"comment_status":"open","ping_status":"open","sticky":false,"template":"","format":"standard","meta":{"footnotes":""},"categories":[14],"tags":[19],"class_list":["post-1009","post","type-post","status-publish","format-standard","has-post-thumbnail","hentry","category-musee","tag-peinture"],"yoast_head":"<!-- This site is optimized with the Yoast SEO plugin v27.2 - https:\/\/yoast.com\/product\/yoast-seo-wordpress\/ -->\n<title>Massimo CAMPIGLI - Portrait de femme<\/title>\n<meta name=\"description\" content=\"Massimo Campigli est un artiste italien dont les peintures reposent sur une qu\u00eate de sym\u00e9trie qui confine \u00e0 la g\u00e9om\u00e9trie. En savoir plus...\" \/>\n<meta name=\"robots\" content=\"index, follow, max-snippet:-1, max-image-preview:large, max-video-preview:-1\" \/>\n<link rel=\"canonical\" href=\"https:\/\/lamallemaubeugeoise.fr\/index.php\/2022\/10\/18\/portrait-de-femme\/\" \/>\n<meta property=\"og:locale\" content=\"fr_FR\" \/>\n<meta property=\"og:type\" content=\"article\" \/>\n<meta property=\"og:title\" content=\"Massimo CAMPIGLI - Portrait de femme\" \/>\n<meta property=\"og:description\" content=\"Massimo Campigli est un artiste italien dont les peintures reposent sur une qu\u00eate de sym\u00e9trie qui confine \u00e0 la g\u00e9om\u00e9trie. En savoir plus...\" \/>\n<meta property=\"og:url\" content=\"https:\/\/lamallemaubeugeoise.fr\/index.php\/2022\/10\/18\/portrait-de-femme\/\" \/>\n<meta property=\"og:site_name\" content=\"La Malle maubeugeoise\" \/>\n<meta property=\"article:publisher\" content=\"https:\/\/www.facebook.com\/VilledeMaubeuge\" \/>\n<meta property=\"article:published_time\" content=\"2022-10-18T08:37:26+00:00\" \/>\n<meta property=\"article:modified_time\" content=\"2023-01-25T15:23:55+00:00\" \/>\n<meta property=\"og:image\" content=\"https:\/\/lamallemaubeugeoise.fr\/wp-content\/uploads\/2022\/09\/950-1-3_0225-Redimensionnee-scaled.jpg\" \/>\n\t<meta property=\"og:image:width\" content=\"1756\" \/>\n\t<meta property=\"og:image:height\" content=\"2560\" \/>\n\t<meta property=\"og:image:type\" content=\"image\/jpeg\" \/>\n<meta name=\"author\" content=\"musees\" \/>\n<meta name=\"twitter:card\" content=\"summary_large_image\" \/>\n<meta name=\"twitter:creator\" content=\"@VilleMaubeuge\" \/>\n<meta name=\"twitter:site\" content=\"@VilleMaubeuge\" \/>\n<meta name=\"twitter:label1\" content=\"\u00c9crit par\" \/>\n\t<meta name=\"twitter:data1\" content=\"musees\" \/>\n\t<meta name=\"twitter:label2\" content=\"Dur\u00e9e de lecture estim\u00e9e\" \/>\n\t<meta name=\"twitter:data2\" content=\"2 minutes\" \/>\n<script type=\"application\/ld+json\" class=\"yoast-schema-graph\">{\"@context\":\"https:\/\/schema.org\",\"@graph\":[{\"@type\":\"Article\",\"@id\":\"https:\/\/lamallemaubeugeoise.fr\/index.php\/2022\/10\/18\/portrait-de-femme\/#article\",\"isPartOf\":{\"@id\":\"https:\/\/lamallemaubeugeoise.fr\/index.php\/2022\/10\/18\/portrait-de-femme\/\"},\"author\":{\"name\":\"musees\",\"@id\":\"https:\/\/lamallemaubeugeoise.fr\/#\/schema\/person\/93c878890f58b27093c10567b9299df1\"},\"headline\":\"Portrait de femme\",\"datePublished\":\"2022-10-18T08:37:26+00:00\",\"dateModified\":\"2023-01-25T15:23:55+00:00\",\"mainEntityOfPage\":{\"@id\":\"https:\/\/lamallemaubeugeoise.fr\/index.php\/2022\/10\/18\/portrait-de-femme\/\"},\"wordCount\":240,\"commentCount\":0,\"publisher\":{\"@id\":\"https:\/\/lamallemaubeugeoise.fr\/#organization\"},\"image\":{\"@id\":\"https:\/\/lamallemaubeugeoise.fr\/index.php\/2022\/10\/18\/portrait-de-femme\/#primaryimage\"},\"thumbnailUrl\":\"https:\/\/lamallemaubeugeoise.fr\/wp-content\/uploads\/2022\/09\/950-1-3_0225-Redimensionnee-scaled.jpg\",\"keywords\":[\"peinture\"],\"articleSection\":[\"Mus\u00e9e\"],\"inLanguage\":\"fr-FR\",\"potentialAction\":[{\"@type\":\"CommentAction\",\"name\":\"Comment\",\"target\":[\"https:\/\/lamallemaubeugeoise.fr\/index.php\/2022\/10\/18\/portrait-de-femme\/#respond\"]}]},{\"@type\":\"WebPage\",\"@id\":\"https:\/\/lamallemaubeugeoise.fr\/index.php\/2022\/10\/18\/portrait-de-femme\/\",\"url\":\"https:\/\/lamallemaubeugeoise.fr\/index.php\/2022\/10\/18\/portrait-de-femme\/\",\"name\":\"Massimo CAMPIGLI - Portrait de femme\",\"isPartOf\":{\"@id\":\"https:\/\/lamallemaubeugeoise.fr\/#website\"},\"primaryImageOfPage\":{\"@id\":\"https:\/\/lamallemaubeugeoise.fr\/index.php\/2022\/10\/18\/portrait-de-femme\/#primaryimage\"},\"image\":{\"@id\":\"https:\/\/lamallemaubeugeoise.fr\/index.php\/2022\/10\/18\/portrait-de-femme\/#primaryimage\"},\"thumbnailUrl\":\"https:\/\/lamallemaubeugeoise.fr\/wp-content\/uploads\/2022\/09\/950-1-3_0225-Redimensionnee-scaled.jpg\",\"datePublished\":\"2022-10-18T08:37:26+00:00\",\"dateModified\":\"2023-01-25T15:23:55+00:00\",\"description\":\"Massimo Campigli est un artiste italien dont les peintures reposent sur une qu\u00eate de sym\u00e9trie qui confine \u00e0 la g\u00e9om\u00e9trie. En savoir plus...\",\"breadcrumb\":{\"@id\":\"https:\/\/lamallemaubeugeoise.fr\/index.php\/2022\/10\/18\/portrait-de-femme\/#breadcrumb\"},\"inLanguage\":\"fr-FR\",\"potentialAction\":[{\"@type\":\"ReadAction\",\"target\":[\"https:\/\/lamallemaubeugeoise.fr\/index.php\/2022\/10\/18\/portrait-de-femme\/\"]}]},{\"@type\":\"ImageObject\",\"inLanguage\":\"fr-FR\",\"@id\":\"https:\/\/lamallemaubeugeoise.fr\/index.php\/2022\/10\/18\/portrait-de-femme\/#primaryimage\",\"url\":\"https:\/\/lamallemaubeugeoise.fr\/wp-content\/uploads\/2022\/09\/950-1-3_0225-Redimensionnee-scaled.jpg\",\"contentUrl\":\"https:\/\/lamallemaubeugeoise.fr\/wp-content\/uploads\/2022\/09\/950-1-3_0225-Redimensionnee-scaled.jpg\",\"width\":1756,\"height\":2560,\"caption\":\"\u00a9Franck Boucourt \/ Mus\u00e9e Henri Bo\u00ebz \u00a9Adagp, Paris, 2022\"},{\"@type\":\"BreadcrumbList\",\"@id\":\"https:\/\/lamallemaubeugeoise.fr\/index.php\/2022\/10\/18\/portrait-de-femme\/#breadcrumb\",\"itemListElement\":[{\"@type\":\"ListItem\",\"position\":1,\"name\":\"Accueil\",\"item\":\"https:\/\/lamallemaubeugeoise.fr\/\"},{\"@type\":\"ListItem\",\"position\":2,\"name\":\"Portrait de femme\"}]},{\"@type\":\"WebSite\",\"@id\":\"https:\/\/lamallemaubeugeoise.fr\/#website\",\"url\":\"https:\/\/lamallemaubeugeoise.fr\/\",\"name\":\"La Malle maubeugeoise\",\"description\":\"\",\"publisher\":{\"@id\":\"https:\/\/lamallemaubeugeoise.fr\/#organization\"},\"potentialAction\":[{\"@type\":\"SearchAction\",\"target\":{\"@type\":\"EntryPoint\",\"urlTemplate\":\"https:\/\/lamallemaubeugeoise.fr\/?s={search_term_string}\"},\"query-input\":{\"@type\":\"PropertyValueSpecification\",\"valueRequired\":true,\"valueName\":\"search_term_string\"}}],\"inLanguage\":\"fr-FR\"},{\"@type\":\"Organization\",\"@id\":\"https:\/\/lamallemaubeugeoise.fr\/#organization\",\"name\":\"La Malle maubeugeoise\",\"url\":\"https:\/\/lamallemaubeugeoise.fr\/\",\"logo\":{\"@type\":\"ImageObject\",\"inLanguage\":\"fr-FR\",\"@id\":\"https:\/\/lamallemaubeugeoise.fr\/#\/schema\/logo\/image\/\",\"url\":\"https:\/\/lamallemaubeugeoise.fr\/wp-content\/uploads\/2022\/09\/logo_culture.png\",\"contentUrl\":\"https:\/\/lamallemaubeugeoise.fr\/wp-content\/uploads\/2022\/09\/logo_culture.png\",\"width\":500,\"height\":270,\"caption\":\"La Malle maubeugeoise\"},\"image\":{\"@id\":\"https:\/\/lamallemaubeugeoise.fr\/#\/schema\/logo\/image\/\"},\"sameAs\":[\"https:\/\/www.facebook.com\/VilledeMaubeuge\",\"https:\/\/x.com\/VilleMaubeuge\",\"https:\/\/www.instagram.com\/villedemaubeuge\/\",\"https:\/\/www.linkedin.com\/company\/42902618\/admin\/\",\"https:\/\/www.youtube.com\/channel\/UCqOferEXg9bqKz_6mzrxN4w\",\"https:\/\/t.me\/villeMaubeuge\"]},{\"@type\":\"Person\",\"@id\":\"https:\/\/lamallemaubeugeoise.fr\/#\/schema\/person\/93c878890f58b27093c10567b9299df1\",\"name\":\"musees\",\"image\":{\"@type\":\"ImageObject\",\"inLanguage\":\"fr-FR\",\"@id\":\"https:\/\/secure.gravatar.com\/avatar\/0ac2771c0cebd71d43bd65726a557bd4d775ad12389c57dcba58b86245cdd3f0?s=96&d=mm&r=g\",\"url\":\"https:\/\/secure.gravatar.com\/avatar\/0ac2771c0cebd71d43bd65726a557bd4d775ad12389c57dcba58b86245cdd3f0?s=96&d=mm&r=g\",\"contentUrl\":\"https:\/\/secure.gravatar.com\/avatar\/0ac2771c0cebd71d43bd65726a557bd4d775ad12389c57dcba58b86245cdd3f0?s=96&d=mm&r=g\",\"caption\":\"musees\"},\"url\":\"https:\/\/lamallemaubeugeoise.fr\/index.php\/author\/musees\/\"}]}<\/script>\n<!-- \/ Yoast SEO plugin. -->","yoast_head_json":{"title":"Massimo CAMPIGLI - Portrait de femme","description":"Massimo Campigli est un artiste italien dont les peintures reposent sur une qu\u00eate de sym\u00e9trie qui confine \u00e0 la g\u00e9om\u00e9trie. En savoir plus...","robots":{"index":"index","follow":"follow","max-snippet":"max-snippet:-1","max-image-preview":"max-image-preview:large","max-video-preview":"max-video-preview:-1"},"canonical":"https:\/\/lamallemaubeugeoise.fr\/index.php\/2022\/10\/18\/portrait-de-femme\/","og_locale":"fr_FR","og_type":"article","og_title":"Massimo CAMPIGLI - Portrait de femme","og_description":"Massimo Campigli est un artiste italien dont les peintures reposent sur une qu\u00eate de sym\u00e9trie qui confine \u00e0 la g\u00e9om\u00e9trie. En savoir plus...","og_url":"https:\/\/lamallemaubeugeoise.fr\/index.php\/2022\/10\/18\/portrait-de-femme\/","og_site_name":"La Malle maubeugeoise","article_publisher":"https:\/\/www.facebook.com\/VilledeMaubeuge","article_published_time":"2022-10-18T08:37:26+00:00","article_modified_time":"2023-01-25T15:23:55+00:00","og_image":[{"width":1756,"height":2560,"url":"https:\/\/lamallemaubeugeoise.fr\/wp-content\/uploads\/2022\/09\/950-1-3_0225-Redimensionnee-scaled.jpg","type":"image\/jpeg"}],"author":"musees","twitter_card":"summary_large_image","twitter_creator":"@VilleMaubeuge","twitter_site":"@VilleMaubeuge","twitter_misc":{"\u00c9crit par":"musees","Dur\u00e9e de lecture estim\u00e9e":"2 minutes"},"schema":{"@context":"https:\/\/schema.org","@graph":[{"@type":"Article","@id":"https:\/\/lamallemaubeugeoise.fr\/index.php\/2022\/10\/18\/portrait-de-femme\/#article","isPartOf":{"@id":"https:\/\/lamallemaubeugeoise.fr\/index.php\/2022\/10\/18\/portrait-de-femme\/"},"author":{"name":"musees","@id":"https:\/\/lamallemaubeugeoise.fr\/#\/schema\/person\/93c878890f58b27093c10567b9299df1"},"headline":"Portrait de femme","datePublished":"2022-10-18T08:37:26+00:00","dateModified":"2023-01-25T15:23:55+00:00","mainEntityOfPage":{"@id":"https:\/\/lamallemaubeugeoise.fr\/index.php\/2022\/10\/18\/portrait-de-femme\/"},"wordCount":240,"commentCount":0,"publisher":{"@id":"https:\/\/lamallemaubeugeoise.fr\/#organization"},"image":{"@id":"https:\/\/lamallemaubeugeoise.fr\/index.php\/2022\/10\/18\/portrait-de-femme\/#primaryimage"},"thumbnailUrl":"https:\/\/lamallemaubeugeoise.fr\/wp-content\/uploads\/2022\/09\/950-1-3_0225-Redimensionnee-scaled.jpg","keywords":["peinture"],"articleSection":["Mus\u00e9e"],"inLanguage":"fr-FR","potentialAction":[{"@type":"CommentAction","name":"Comment","target":["https:\/\/lamallemaubeugeoise.fr\/index.php\/2022\/10\/18\/portrait-de-femme\/#respond"]}]},{"@type":"WebPage","@id":"https:\/\/lamallemaubeugeoise.fr\/index.php\/2022\/10\/18\/portrait-de-femme\/","url":"https:\/\/lamallemaubeugeoise.fr\/index.php\/2022\/10\/18\/portrait-de-femme\/","name":"Massimo CAMPIGLI - Portrait de femme","isPartOf":{"@id":"https:\/\/lamallemaubeugeoise.fr\/#website"},"primaryImageOfPage":{"@id":"https:\/\/lamallemaubeugeoise.fr\/index.php\/2022\/10\/18\/portrait-de-femme\/#primaryimage"},"image":{"@id":"https:\/\/lamallemaubeugeoise.fr\/index.php\/2022\/10\/18\/portrait-de-femme\/#primaryimage"},"thumbnailUrl":"https:\/\/lamallemaubeugeoise.fr\/wp-content\/uploads\/2022\/09\/950-1-3_0225-Redimensionnee-scaled.jpg","datePublished":"2022-10-18T08:37:26+00:00","dateModified":"2023-01-25T15:23:55+00:00","description":"Massimo Campigli est un artiste italien dont les peintures reposent sur une qu\u00eate de sym\u00e9trie qui confine \u00e0 la g\u00e9om\u00e9trie. En savoir plus...","breadcrumb":{"@id":"https:\/\/lamallemaubeugeoise.fr\/index.php\/2022\/10\/18\/portrait-de-femme\/#breadcrumb"},"inLanguage":"fr-FR","potentialAction":[{"@type":"ReadAction","target":["https:\/\/lamallemaubeugeoise.fr\/index.php\/2022\/10\/18\/portrait-de-femme\/"]}]},{"@type":"ImageObject","inLanguage":"fr-FR","@id":"https:\/\/lamallemaubeugeoise.fr\/index.php\/2022\/10\/18\/portrait-de-femme\/#primaryimage","url":"https:\/\/lamallemaubeugeoise.fr\/wp-content\/uploads\/2022\/09\/950-1-3_0225-Redimensionnee-scaled.jpg","contentUrl":"https:\/\/lamallemaubeugeoise.fr\/wp-content\/uploads\/2022\/09\/950-1-3_0225-Redimensionnee-scaled.jpg","width":1756,"height":2560,"caption":"\u00a9Franck Boucourt \/ Mus\u00e9e Henri Bo\u00ebz \u00a9Adagp, Paris, 2022"},{"@type":"BreadcrumbList","@id":"https:\/\/lamallemaubeugeoise.fr\/index.php\/2022\/10\/18\/portrait-de-femme\/#breadcrumb","itemListElement":[{"@type":"ListItem","position":1,"name":"Accueil","item":"https:\/\/lamallemaubeugeoise.fr\/"},{"@type":"ListItem","position":2,"name":"Portrait de femme"}]},{"@type":"WebSite","@id":"https:\/\/lamallemaubeugeoise.fr\/#website","url":"https:\/\/lamallemaubeugeoise.fr\/","name":"La Malle maubeugeoise","description":"","publisher":{"@id":"https:\/\/lamallemaubeugeoise.fr\/#organization"},"potentialAction":[{"@type":"SearchAction","target":{"@type":"EntryPoint","urlTemplate":"https:\/\/lamallemaubeugeoise.fr\/?s={search_term_string}"},"query-input":{"@type":"PropertyValueSpecification","valueRequired":true,"valueName":"search_term_string"}}],"inLanguage":"fr-FR"},{"@type":"Organization","@id":"https:\/\/lamallemaubeugeoise.fr\/#organization","name":"La Malle maubeugeoise","url":"https:\/\/lamallemaubeugeoise.fr\/","logo":{"@type":"ImageObject","inLanguage":"fr-FR","@id":"https:\/\/lamallemaubeugeoise.fr\/#\/schema\/logo\/image\/","url":"https:\/\/lamallemaubeugeoise.fr\/wp-content\/uploads\/2022\/09\/logo_culture.png","contentUrl":"https:\/\/lamallemaubeugeoise.fr\/wp-content\/uploads\/2022\/09\/logo_culture.png","width":500,"height":270,"caption":"La Malle maubeugeoise"},"image":{"@id":"https:\/\/lamallemaubeugeoise.fr\/#\/schema\/logo\/image\/"},"sameAs":["https:\/\/www.facebook.com\/VilledeMaubeuge","https:\/\/x.com\/VilleMaubeuge","https:\/\/www.instagram.com\/villedemaubeuge\/","https:\/\/www.linkedin.com\/company\/42902618\/admin\/","https:\/\/www.youtube.com\/channel\/UCqOferEXg9bqKz_6mzrxN4w","https:\/\/t.me\/villeMaubeuge"]},{"@type":"Person","@id":"https:\/\/lamallemaubeugeoise.fr\/#\/schema\/person\/93c878890f58b27093c10567b9299df1","name":"musees","image":{"@type":"ImageObject","inLanguage":"fr-FR","@id":"https:\/\/secure.gravatar.com\/avatar\/0ac2771c0cebd71d43bd65726a557bd4d775ad12389c57dcba58b86245cdd3f0?s=96&d=mm&r=g","url":"https:\/\/secure.gravatar.com\/avatar\/0ac2771c0cebd71d43bd65726a557bd4d775ad12389c57dcba58b86245cdd3f0?s=96&d=mm&r=g","contentUrl":"https:\/\/secure.gravatar.com\/avatar\/0ac2771c0cebd71d43bd65726a557bd4d775ad12389c57dcba58b86245cdd3f0?s=96&d=mm&r=g","caption":"musees"},"url":"https:\/\/lamallemaubeugeoise.fr\/index.php\/author\/musees\/"}]}},"_links":{"self":[{"href":"https:\/\/lamallemaubeugeoise.fr\/index.php\/wp-json\/wp\/v2\/posts\/1009","targetHints":{"allow":["GET"]}}],"collection":[{"href":"https:\/\/lamallemaubeugeoise.fr\/index.php\/wp-json\/wp\/v2\/posts"}],"about":[{"href":"https:\/\/lamallemaubeugeoise.fr\/index.php\/wp-json\/wp\/v2\/types\/post"}],"author":[{"embeddable":true,"href":"https:\/\/lamallemaubeugeoise.fr\/index.php\/wp-json\/wp\/v2\/users\/2"}],"replies":[{"embeddable":true,"href":"https:\/\/lamallemaubeugeoise.fr\/index.php\/wp-json\/wp\/v2\/comments?post=1009"}],"version-history":[{"count":20,"href":"https:\/\/lamallemaubeugeoise.fr\/index.php\/wp-json\/wp\/v2\/posts\/1009\/revisions"}],"predecessor-version":[{"id":2983,"href":"https:\/\/lamallemaubeugeoise.fr\/index.php\/wp-json\/wp\/v2\/posts\/1009\/revisions\/2983"}],"wp:featuredmedia":[{"embeddable":true,"href":"https:\/\/lamallemaubeugeoise.fr\/index.php\/wp-json\/wp\/v2\/media\/347"}],"wp:attachment":[{"href":"https:\/\/lamallemaubeugeoise.fr\/index.php\/wp-json\/wp\/v2\/media?parent=1009"}],"wp:term":[{"taxonomy":"category","embeddable":true,"href":"https:\/\/lamallemaubeugeoise.fr\/index.php\/wp-json\/wp\/v2\/categories?post=1009"},{"taxonomy":"post_tag","embeddable":true,"href":"https:\/\/lamallemaubeugeoise.fr\/index.php\/wp-json\/wp\/v2\/tags?post=1009"}],"curies":[{"name":"wp","href":"https:\/\/api.w.org\/{rel}","templated":true}]}}