{"id":1013,"date":"2022-10-18T08:37:56","date_gmt":"2022-10-18T08:37:56","guid":{"rendered":"https:\/\/intelligent-chatelet.51-83-109-90.plesk.page\/?p=1013"},"modified":"2023-01-25T16:23:35","modified_gmt":"2023-01-25T15:23:35","slug":"portrait-de-charles-x","status":"publish","type":"post","link":"https:\/\/lamallemaubeugeoise.fr\/index.php\/2022\/10\/18\/portrait-de-charles-x\/","title":{"rendered":"Portrait de Charles X"},"content":{"rendered":"\t\t<div data-elementor-type=\"wp-post\" data-elementor-id=\"1013\" class=\"elementor elementor-1013\" data-elementor-post-type=\"post\">\n\t\t\t\t\t\t<section class=\"elementor-section elementor-top-section elementor-element elementor-element-77adc4a5 elementor-section-boxed elementor-section-height-default elementor-section-height-default\" data-id=\"77adc4a5\" data-element_type=\"section\" data-e-type=\"section\">\n\t\t\t\t\t\t<div class=\"elementor-container elementor-column-gap-default\">\n\t\t\t\t\t<div class=\"elementor-column elementor-col-100 elementor-top-column elementor-element elementor-element-974b46\" data-id=\"974b46\" data-element_type=\"column\" data-e-type=\"column\">\n\t\t\t<div class=\"elementor-widget-wrap elementor-element-populated\">\n\t\t\t\t\t\t<div class=\"elementor-element elementor-element-77d97bf9 elementor-widget elementor-widget-text-editor\" data-id=\"77d97bf9\" data-element_type=\"widget\" data-e-type=\"widget\" data-widget_type=\"text-editor.default\">\n\t\t\t\t<div class=\"elementor-widget-container\">\n\t\t\t\t\t\t\t\t\t<p><strong>Un portrait royal d\u2019un nouveau genre \u2026 <\/strong><\/p><p>Georges ROUGET (1784 \u2013 1869)<br \/><em>Portrait de Charles X<\/em> <br \/>Huile sur toile <br \/>71 x 57 cm <br \/>Maubeuge, Mus\u00e9e Henri Bo\u00ebz<\/p><p>Georges Rouget a \u00e9t\u00e9 un \u00e9l\u00e8ve de David et a travaill\u00e9 avec ce dernier sur de grands tableaux comme <em>Le Sacre de Napol\u00e9on<\/em> qui est conserv\u00e9 au Louvre. Il est un peintre \u00ab officiel \u00bb qui a travaill\u00e9 pour l\u2019Empire puis pour la Restauration, lorsque la royaut\u00e9 est revenue est au pouvoir.<\/p><p>Ici, Charles X, roi de France de 1824 \u00e0 1830, se pr\u00e9sente sous les traits d\u2019un chef militaire. Les traditionnels apparats du roi de France \u2013 couronne, sceptre, hermine \u2013, visibles sur le portrait de Louis XIV par Hyacinthe Rigaud, sont absents. Il s\u2019agit de marquer sa diff\u00e9rence avec les rois d\u2019avant la R\u00e9volution et de pr\u00e9senter le \u00ab m\u00e9rite \u00bb de l\u2019homme qui n\u2019est plus l\u2019\u00e9lu de Dieu : les m\u00e9dailles et r\u00e9compenses militaires justifient bien mieux son titre.<\/p><p>La pratique des portraits officiels a \u00e9t\u00e9 particuli\u00e8rement mise en \u0153uvre par les rois de France sous l\u2019Ancien R\u00e9gime. Ceux-ci \u00e9taient de v\u00e9ritables d\u00e9clarations politiques : l\u2019un mettait en avant le militaire, l\u2019autre l\u2019\u00e9l\u00e9gance, &#8230; Les codes de ceux-ci \u00e9voluent au XIXe si\u00e8cle : le roi n\u2019est plus \u00ab choisi par dieu \u00bb, il doit donc mettre en avant de nouvelles qualit\u00e9s.<\/p>\t\t\t\t\t\t\t\t<\/div>\n\t\t\t\t<\/div>\n\t\t\t\t\t<\/div>\n\t\t<\/div>\n\t\t\t\t\t<\/div>\n\t\t<\/section>\n\t\t\t\t<\/div>\n\t\t","protected":false},"excerpt":{"rendered":"<p>Un portrait royal d\u2019un nouveau genre \u2026 Georges ROUGET (1784 \u2013 1869) Portrait de Charles X Huile sur toile 71 x 57 cm Maubeuge, Mus\u00e9e Henri Bo\u00ebz Georges Rouget a \u00e9t\u00e9 un \u00e9l\u00e8ve de David et a travaill\u00e9 avec ce dernier sur de grands tableaux comme Le Sacre de Napol\u00e9on qui est conserv\u00e9 au Louvre. [&hellip;]<\/p>\n","protected":false},"author":2,"featured_media":352,"comment_status":"open","ping_status":"open","sticky":false,"template":"","format":"standard","meta":{"footnotes":""},"categories":[14],"tags":[19],"class_list":["post-1013","post","type-post","status-publish","format-standard","has-post-thumbnail","hentry","category-musee","tag-peinture"],"yoast_head":"<!-- This site is optimized with the Yoast SEO plugin v27.2 - https:\/\/yoast.com\/product\/yoast-seo-wordpress\/ -->\n<title>Georges ROUGET- Portrait de Charles X<\/title>\n<meta name=\"description\" content=\"La pratique des portraits officiels a \u00e9t\u00e9 particuli\u00e8rement mise en \u0153uvre par les rois de France sous l&#039;Ancien R\u00e9gime. En savoir plus...\" \/>\n<meta name=\"robots\" content=\"index, follow, max-snippet:-1, max-image-preview:large, max-video-preview:-1\" \/>\n<link rel=\"canonical\" href=\"https:\/\/lamallemaubeugeoise.fr\/index.php\/2022\/10\/18\/portrait-de-charles-x\/\" \/>\n<meta property=\"og:locale\" content=\"fr_FR\" \/>\n<meta property=\"og:type\" content=\"article\" \/>\n<meta property=\"og:title\" content=\"Georges ROUGET- Portrait de Charles X\" \/>\n<meta property=\"og:description\" content=\"La pratique des portraits officiels a \u00e9t\u00e9 particuli\u00e8rement mise en \u0153uvre par les rois de France sous l&#039;Ancien R\u00e9gime. En savoir plus...\" \/>\n<meta property=\"og:url\" content=\"https:\/\/lamallemaubeugeoise.fr\/index.php\/2022\/10\/18\/portrait-de-charles-x\/\" \/>\n<meta property=\"og:site_name\" content=\"La Malle maubeugeoise\" \/>\n<meta property=\"article:publisher\" content=\"https:\/\/www.facebook.com\/VilledeMaubeuge\" \/>\n<meta property=\"article:published_time\" content=\"2022-10-18T08:37:56+00:00\" \/>\n<meta property=\"article:modified_time\" content=\"2023-01-25T15:23:35+00:00\" \/>\n<meta property=\"og:image\" content=\"https:\/\/lamallemaubeugeoise.fr\/wp-content\/uploads\/2022\/09\/961-2-1_0008modif4-Redimensionnee-886x1024.jpg\" \/>\n\t<meta property=\"og:image:width\" content=\"886\" \/>\n\t<meta property=\"og:image:height\" content=\"1024\" \/>\n\t<meta property=\"og:image:type\" content=\"image\/jpeg\" \/>\n<meta name=\"author\" content=\"musees\" \/>\n<meta name=\"twitter:card\" content=\"summary_large_image\" \/>\n<meta name=\"twitter:creator\" content=\"@VilleMaubeuge\" \/>\n<meta name=\"twitter:site\" content=\"@VilleMaubeuge\" \/>\n<meta name=\"twitter:label1\" content=\"\u00c9crit par\" \/>\n\t<meta name=\"twitter:data1\" content=\"musees\" \/>\n\t<meta name=\"twitter:label2\" content=\"Dur\u00e9e de lecture estim\u00e9e\" \/>\n\t<meta name=\"twitter:data2\" content=\"2 minutes\" \/>\n<script type=\"application\/ld+json\" class=\"yoast-schema-graph\">{\"@context\":\"https:\/\/schema.org\",\"@graph\":[{\"@type\":\"Article\",\"@id\":\"https:\/\/lamallemaubeugeoise.fr\/index.php\/2022\/10\/18\/portrait-de-charles-x\/#article\",\"isPartOf\":{\"@id\":\"https:\/\/lamallemaubeugeoise.fr\/index.php\/2022\/10\/18\/portrait-de-charles-x\/\"},\"author\":{\"name\":\"musees\",\"@id\":\"https:\/\/lamallemaubeugeoise.fr\/#\/schema\/person\/93c878890f58b27093c10567b9299df1\"},\"headline\":\"Portrait de Charles X\",\"datePublished\":\"2022-10-18T08:37:56+00:00\",\"dateModified\":\"2023-01-25T15:23:35+00:00\",\"mainEntityOfPage\":{\"@id\":\"https:\/\/lamallemaubeugeoise.fr\/index.php\/2022\/10\/18\/portrait-de-charles-x\/\"},\"wordCount\":235,\"commentCount\":0,\"publisher\":{\"@id\":\"https:\/\/lamallemaubeugeoise.fr\/#organization\"},\"image\":{\"@id\":\"https:\/\/lamallemaubeugeoise.fr\/index.php\/2022\/10\/18\/portrait-de-charles-x\/#primaryimage\"},\"thumbnailUrl\":\"https:\/\/lamallemaubeugeoise.fr\/wp-content\/uploads\/2022\/09\/961-2-1_0008modif4-Redimensionnee.jpg\",\"keywords\":[\"peinture\"],\"articleSection\":[\"Mus\u00e9e\"],\"inLanguage\":\"fr-FR\",\"potentialAction\":[{\"@type\":\"CommentAction\",\"name\":\"Comment\",\"target\":[\"https:\/\/lamallemaubeugeoise.fr\/index.php\/2022\/10\/18\/portrait-de-charles-x\/#respond\"]}]},{\"@type\":\"WebPage\",\"@id\":\"https:\/\/lamallemaubeugeoise.fr\/index.php\/2022\/10\/18\/portrait-de-charles-x\/\",\"url\":\"https:\/\/lamallemaubeugeoise.fr\/index.php\/2022\/10\/18\/portrait-de-charles-x\/\",\"name\":\"Georges ROUGET- Portrait de Charles X\",\"isPartOf\":{\"@id\":\"https:\/\/lamallemaubeugeoise.fr\/#website\"},\"primaryImageOfPage\":{\"@id\":\"https:\/\/lamallemaubeugeoise.fr\/index.php\/2022\/10\/18\/portrait-de-charles-x\/#primaryimage\"},\"image\":{\"@id\":\"https:\/\/lamallemaubeugeoise.fr\/index.php\/2022\/10\/18\/portrait-de-charles-x\/#primaryimage\"},\"thumbnailUrl\":\"https:\/\/lamallemaubeugeoise.fr\/wp-content\/uploads\/2022\/09\/961-2-1_0008modif4-Redimensionnee.jpg\",\"datePublished\":\"2022-10-18T08:37:56+00:00\",\"dateModified\":\"2023-01-25T15:23:35+00:00\",\"description\":\"La pratique des portraits officiels a \u00e9t\u00e9 particuli\u00e8rement mise en \u0153uvre par les rois de France sous l'Ancien R\u00e9gime. En savoir plus...\",\"breadcrumb\":{\"@id\":\"https:\/\/lamallemaubeugeoise.fr\/index.php\/2022\/10\/18\/portrait-de-charles-x\/#breadcrumb\"},\"inLanguage\":\"fr-FR\",\"potentialAction\":[{\"@type\":\"ReadAction\",\"target\":[\"https:\/\/lamallemaubeugeoise.fr\/index.php\/2022\/10\/18\/portrait-de-charles-x\/\"]}]},{\"@type\":\"ImageObject\",\"inLanguage\":\"fr-FR\",\"@id\":\"https:\/\/lamallemaubeugeoise.fr\/index.php\/2022\/10\/18\/portrait-de-charles-x\/#primaryimage\",\"url\":\"https:\/\/lamallemaubeugeoise.fr\/wp-content\/uploads\/2022\/09\/961-2-1_0008modif4-Redimensionnee.jpg\",\"contentUrl\":\"https:\/\/lamallemaubeugeoise.fr\/wp-content\/uploads\/2022\/09\/961-2-1_0008modif4-Redimensionnee.jpg\",\"width\":1920,\"height\":2220,\"caption\":\"\u00a9Franck Boucourt \/ Mus\u00e9e Henri Bo\u00ebz\"},{\"@type\":\"BreadcrumbList\",\"@id\":\"https:\/\/lamallemaubeugeoise.fr\/index.php\/2022\/10\/18\/portrait-de-charles-x\/#breadcrumb\",\"itemListElement\":[{\"@type\":\"ListItem\",\"position\":1,\"name\":\"Accueil\",\"item\":\"https:\/\/lamallemaubeugeoise.fr\/\"},{\"@type\":\"ListItem\",\"position\":2,\"name\":\"Portrait de Charles X\"}]},{\"@type\":\"WebSite\",\"@id\":\"https:\/\/lamallemaubeugeoise.fr\/#website\",\"url\":\"https:\/\/lamallemaubeugeoise.fr\/\",\"name\":\"La Malle maubeugeoise\",\"description\":\"\",\"publisher\":{\"@id\":\"https:\/\/lamallemaubeugeoise.fr\/#organization\"},\"potentialAction\":[{\"@type\":\"SearchAction\",\"target\":{\"@type\":\"EntryPoint\",\"urlTemplate\":\"https:\/\/lamallemaubeugeoise.fr\/?s={search_term_string}\"},\"query-input\":{\"@type\":\"PropertyValueSpecification\",\"valueRequired\":true,\"valueName\":\"search_term_string\"}}],\"inLanguage\":\"fr-FR\"},{\"@type\":\"Organization\",\"@id\":\"https:\/\/lamallemaubeugeoise.fr\/#organization\",\"name\":\"La Malle maubeugeoise\",\"url\":\"https:\/\/lamallemaubeugeoise.fr\/\",\"logo\":{\"@type\":\"ImageObject\",\"inLanguage\":\"fr-FR\",\"@id\":\"https:\/\/lamallemaubeugeoise.fr\/#\/schema\/logo\/image\/\",\"url\":\"https:\/\/lamallemaubeugeoise.fr\/wp-content\/uploads\/2022\/09\/logo_culture.png\",\"contentUrl\":\"https:\/\/lamallemaubeugeoise.fr\/wp-content\/uploads\/2022\/09\/logo_culture.png\",\"width\":500,\"height\":270,\"caption\":\"La Malle maubeugeoise\"},\"image\":{\"@id\":\"https:\/\/lamallemaubeugeoise.fr\/#\/schema\/logo\/image\/\"},\"sameAs\":[\"https:\/\/www.facebook.com\/VilledeMaubeuge\",\"https:\/\/x.com\/VilleMaubeuge\",\"https:\/\/www.instagram.com\/villedemaubeuge\/\",\"https:\/\/www.linkedin.com\/company\/42902618\/admin\/\",\"https:\/\/www.youtube.com\/channel\/UCqOferEXg9bqKz_6mzrxN4w\",\"https:\/\/t.me\/villeMaubeuge\"]},{\"@type\":\"Person\",\"@id\":\"https:\/\/lamallemaubeugeoise.fr\/#\/schema\/person\/93c878890f58b27093c10567b9299df1\",\"name\":\"musees\",\"image\":{\"@type\":\"ImageObject\",\"inLanguage\":\"fr-FR\",\"@id\":\"https:\/\/secure.gravatar.com\/avatar\/0ac2771c0cebd71d43bd65726a557bd4d775ad12389c57dcba58b86245cdd3f0?s=96&d=mm&r=g\",\"url\":\"https:\/\/secure.gravatar.com\/avatar\/0ac2771c0cebd71d43bd65726a557bd4d775ad12389c57dcba58b86245cdd3f0?s=96&d=mm&r=g\",\"contentUrl\":\"https:\/\/secure.gravatar.com\/avatar\/0ac2771c0cebd71d43bd65726a557bd4d775ad12389c57dcba58b86245cdd3f0?s=96&d=mm&r=g\",\"caption\":\"musees\"},\"url\":\"https:\/\/lamallemaubeugeoise.fr\/index.php\/author\/musees\/\"}]}<\/script>\n<!-- \/ Yoast SEO plugin. -->","yoast_head_json":{"title":"Georges ROUGET- Portrait de Charles X","description":"La pratique des portraits officiels a \u00e9t\u00e9 particuli\u00e8rement mise en \u0153uvre par les rois de France sous l'Ancien R\u00e9gime. En savoir plus...","robots":{"index":"index","follow":"follow","max-snippet":"max-snippet:-1","max-image-preview":"max-image-preview:large","max-video-preview":"max-video-preview:-1"},"canonical":"https:\/\/lamallemaubeugeoise.fr\/index.php\/2022\/10\/18\/portrait-de-charles-x\/","og_locale":"fr_FR","og_type":"article","og_title":"Georges ROUGET- Portrait de Charles X","og_description":"La pratique des portraits officiels a \u00e9t\u00e9 particuli\u00e8rement mise en \u0153uvre par les rois de France sous l'Ancien R\u00e9gime. En savoir plus...","og_url":"https:\/\/lamallemaubeugeoise.fr\/index.php\/2022\/10\/18\/portrait-de-charles-x\/","og_site_name":"La Malle maubeugeoise","article_publisher":"https:\/\/www.facebook.com\/VilledeMaubeuge","article_published_time":"2022-10-18T08:37:56+00:00","article_modified_time":"2023-01-25T15:23:35+00:00","og_image":[{"width":886,"height":1024,"url":"https:\/\/lamallemaubeugeoise.fr\/wp-content\/uploads\/2022\/09\/961-2-1_0008modif4-Redimensionnee-886x1024.jpg","type":"image\/jpeg"}],"author":"musees","twitter_card":"summary_large_image","twitter_creator":"@VilleMaubeuge","twitter_site":"@VilleMaubeuge","twitter_misc":{"\u00c9crit par":"musees","Dur\u00e9e de lecture estim\u00e9e":"2 minutes"},"schema":{"@context":"https:\/\/schema.org","@graph":[{"@type":"Article","@id":"https:\/\/lamallemaubeugeoise.fr\/index.php\/2022\/10\/18\/portrait-de-charles-x\/#article","isPartOf":{"@id":"https:\/\/lamallemaubeugeoise.fr\/index.php\/2022\/10\/18\/portrait-de-charles-x\/"},"author":{"name":"musees","@id":"https:\/\/lamallemaubeugeoise.fr\/#\/schema\/person\/93c878890f58b27093c10567b9299df1"},"headline":"Portrait de Charles X","datePublished":"2022-10-18T08:37:56+00:00","dateModified":"2023-01-25T15:23:35+00:00","mainEntityOfPage":{"@id":"https:\/\/lamallemaubeugeoise.fr\/index.php\/2022\/10\/18\/portrait-de-charles-x\/"},"wordCount":235,"commentCount":0,"publisher":{"@id":"https:\/\/lamallemaubeugeoise.fr\/#organization"},"image":{"@id":"https:\/\/lamallemaubeugeoise.fr\/index.php\/2022\/10\/18\/portrait-de-charles-x\/#primaryimage"},"thumbnailUrl":"https:\/\/lamallemaubeugeoise.fr\/wp-content\/uploads\/2022\/09\/961-2-1_0008modif4-Redimensionnee.jpg","keywords":["peinture"],"articleSection":["Mus\u00e9e"],"inLanguage":"fr-FR","potentialAction":[{"@type":"CommentAction","name":"Comment","target":["https:\/\/lamallemaubeugeoise.fr\/index.php\/2022\/10\/18\/portrait-de-charles-x\/#respond"]}]},{"@type":"WebPage","@id":"https:\/\/lamallemaubeugeoise.fr\/index.php\/2022\/10\/18\/portrait-de-charles-x\/","url":"https:\/\/lamallemaubeugeoise.fr\/index.php\/2022\/10\/18\/portrait-de-charles-x\/","name":"Georges ROUGET- Portrait de Charles X","isPartOf":{"@id":"https:\/\/lamallemaubeugeoise.fr\/#website"},"primaryImageOfPage":{"@id":"https:\/\/lamallemaubeugeoise.fr\/index.php\/2022\/10\/18\/portrait-de-charles-x\/#primaryimage"},"image":{"@id":"https:\/\/lamallemaubeugeoise.fr\/index.php\/2022\/10\/18\/portrait-de-charles-x\/#primaryimage"},"thumbnailUrl":"https:\/\/lamallemaubeugeoise.fr\/wp-content\/uploads\/2022\/09\/961-2-1_0008modif4-Redimensionnee.jpg","datePublished":"2022-10-18T08:37:56+00:00","dateModified":"2023-01-25T15:23:35+00:00","description":"La pratique des portraits officiels a \u00e9t\u00e9 particuli\u00e8rement mise en \u0153uvre par les rois de France sous l'Ancien R\u00e9gime. En savoir plus...","breadcrumb":{"@id":"https:\/\/lamallemaubeugeoise.fr\/index.php\/2022\/10\/18\/portrait-de-charles-x\/#breadcrumb"},"inLanguage":"fr-FR","potentialAction":[{"@type":"ReadAction","target":["https:\/\/lamallemaubeugeoise.fr\/index.php\/2022\/10\/18\/portrait-de-charles-x\/"]}]},{"@type":"ImageObject","inLanguage":"fr-FR","@id":"https:\/\/lamallemaubeugeoise.fr\/index.php\/2022\/10\/18\/portrait-de-charles-x\/#primaryimage","url":"https:\/\/lamallemaubeugeoise.fr\/wp-content\/uploads\/2022\/09\/961-2-1_0008modif4-Redimensionnee.jpg","contentUrl":"https:\/\/lamallemaubeugeoise.fr\/wp-content\/uploads\/2022\/09\/961-2-1_0008modif4-Redimensionnee.jpg","width":1920,"height":2220,"caption":"\u00a9Franck Boucourt \/ Mus\u00e9e Henri Bo\u00ebz"},{"@type":"BreadcrumbList","@id":"https:\/\/lamallemaubeugeoise.fr\/index.php\/2022\/10\/18\/portrait-de-charles-x\/#breadcrumb","itemListElement":[{"@type":"ListItem","position":1,"name":"Accueil","item":"https:\/\/lamallemaubeugeoise.fr\/"},{"@type":"ListItem","position":2,"name":"Portrait de Charles X"}]},{"@type":"WebSite","@id":"https:\/\/lamallemaubeugeoise.fr\/#website","url":"https:\/\/lamallemaubeugeoise.fr\/","name":"La Malle maubeugeoise","description":"","publisher":{"@id":"https:\/\/lamallemaubeugeoise.fr\/#organization"},"potentialAction":[{"@type":"SearchAction","target":{"@type":"EntryPoint","urlTemplate":"https:\/\/lamallemaubeugeoise.fr\/?s={search_term_string}"},"query-input":{"@type":"PropertyValueSpecification","valueRequired":true,"valueName":"search_term_string"}}],"inLanguage":"fr-FR"},{"@type":"Organization","@id":"https:\/\/lamallemaubeugeoise.fr\/#organization","name":"La Malle maubeugeoise","url":"https:\/\/lamallemaubeugeoise.fr\/","logo":{"@type":"ImageObject","inLanguage":"fr-FR","@id":"https:\/\/lamallemaubeugeoise.fr\/#\/schema\/logo\/image\/","url":"https:\/\/lamallemaubeugeoise.fr\/wp-content\/uploads\/2022\/09\/logo_culture.png","contentUrl":"https:\/\/lamallemaubeugeoise.fr\/wp-content\/uploads\/2022\/09\/logo_culture.png","width":500,"height":270,"caption":"La Malle maubeugeoise"},"image":{"@id":"https:\/\/lamallemaubeugeoise.fr\/#\/schema\/logo\/image\/"},"sameAs":["https:\/\/www.facebook.com\/VilledeMaubeuge","https:\/\/x.com\/VilleMaubeuge","https:\/\/www.instagram.com\/villedemaubeuge\/","https:\/\/www.linkedin.com\/company\/42902618\/admin\/","https:\/\/www.youtube.com\/channel\/UCqOferEXg9bqKz_6mzrxN4w","https:\/\/t.me\/villeMaubeuge"]},{"@type":"Person","@id":"https:\/\/lamallemaubeugeoise.fr\/#\/schema\/person\/93c878890f58b27093c10567b9299df1","name":"musees","image":{"@type":"ImageObject","inLanguage":"fr-FR","@id":"https:\/\/secure.gravatar.com\/avatar\/0ac2771c0cebd71d43bd65726a557bd4d775ad12389c57dcba58b86245cdd3f0?s=96&d=mm&r=g","url":"https:\/\/secure.gravatar.com\/avatar\/0ac2771c0cebd71d43bd65726a557bd4d775ad12389c57dcba58b86245cdd3f0?s=96&d=mm&r=g","contentUrl":"https:\/\/secure.gravatar.com\/avatar\/0ac2771c0cebd71d43bd65726a557bd4d775ad12389c57dcba58b86245cdd3f0?s=96&d=mm&r=g","caption":"musees"},"url":"https:\/\/lamallemaubeugeoise.fr\/index.php\/author\/musees\/"}]}},"_links":{"self":[{"href":"https:\/\/lamallemaubeugeoise.fr\/index.php\/wp-json\/wp\/v2\/posts\/1013","targetHints":{"allow":["GET"]}}],"collection":[{"href":"https:\/\/lamallemaubeugeoise.fr\/index.php\/wp-json\/wp\/v2\/posts"}],"about":[{"href":"https:\/\/lamallemaubeugeoise.fr\/index.php\/wp-json\/wp\/v2\/types\/post"}],"author":[{"embeddable":true,"href":"https:\/\/lamallemaubeugeoise.fr\/index.php\/wp-json\/wp\/v2\/users\/2"}],"replies":[{"embeddable":true,"href":"https:\/\/lamallemaubeugeoise.fr\/index.php\/wp-json\/wp\/v2\/comments?post=1013"}],"version-history":[{"count":20,"href":"https:\/\/lamallemaubeugeoise.fr\/index.php\/wp-json\/wp\/v2\/posts\/1013\/revisions"}],"predecessor-version":[{"id":2982,"href":"https:\/\/lamallemaubeugeoise.fr\/index.php\/wp-json\/wp\/v2\/posts\/1013\/revisions\/2982"}],"wp:featuredmedia":[{"embeddable":true,"href":"https:\/\/lamallemaubeugeoise.fr\/index.php\/wp-json\/wp\/v2\/media\/352"}],"wp:attachment":[{"href":"https:\/\/lamallemaubeugeoise.fr\/index.php\/wp-json\/wp\/v2\/media?parent=1013"}],"wp:term":[{"taxonomy":"category","embeddable":true,"href":"https:\/\/lamallemaubeugeoise.fr\/index.php\/wp-json\/wp\/v2\/categories?post=1013"},{"taxonomy":"post_tag","embeddable":true,"href":"https:\/\/lamallemaubeugeoise.fr\/index.php\/wp-json\/wp\/v2\/tags?post=1013"}],"curies":[{"name":"wp","href":"https:\/\/api.w.org\/{rel}","templated":true}]}}