{"id":1021,"date":"2022-10-18T08:40:48","date_gmt":"2022-10-18T08:40:48","guid":{"rendered":"https:\/\/intelligent-chatelet.51-83-109-90.plesk.page\/?p=1021"},"modified":"2023-05-10T13:51:18","modified_gmt":"2023-05-10T11:51:18","slug":"la-loge","status":"publish","type":"post","link":"https:\/\/lamallemaubeugeoise.fr\/index.php\/2022\/10\/18\/la-loge\/","title":{"rendered":"La Loge"},"content":{"rendered":"\t\t<div data-elementor-type=\"wp-post\" data-elementor-id=\"1021\" class=\"elementor elementor-1021\" data-elementor-post-type=\"post\">\n\t\t\t\t\t\t<section class=\"elementor-section elementor-top-section elementor-element elementor-element-77adc4a5 elementor-section-boxed elementor-section-height-default elementor-section-height-default\" data-id=\"77adc4a5\" data-element_type=\"section\" data-e-type=\"section\">\n\t\t\t\t\t\t<div class=\"elementor-container elementor-column-gap-default\">\n\t\t\t\t\t<div class=\"elementor-column elementor-col-100 elementor-top-column elementor-element elementor-element-974b46\" data-id=\"974b46\" data-element_type=\"column\" data-e-type=\"column\">\n\t\t\t<div class=\"elementor-widget-wrap elementor-element-populated\">\n\t\t\t\t\t\t<div class=\"elementor-element elementor-element-77d97bf9 elementor-widget elementor-widget-text-editor\" data-id=\"77d97bf9\" data-element_type=\"widget\" data-e-type=\"widget\" data-widget_type=\"text-editor.default\">\n\t\t\t\t<div class=\"elementor-widget-container\">\n\t\t\t\t\t\t\t\t\t<p><strong>Le th\u00e9\u00e2tre et l\u2019op\u00e9ra, des lieux pour voir et \u00eatre vu \u2026 <\/strong><\/p><p>Paul Edouard ROSSET-GRANGER (1853 \u2013 1934)<br \/><em>La Loge<\/em><br \/>1908<br \/>Huile sur toile<br \/>107,5 x 92 cm<br \/>Maubeuge, Mus\u00e9e Henri Bo\u00ebz<\/p><p><span style=\"color: #000000;\">Edouard-Rosset Granger a \u00e9tudi\u00e9 \u00e0 l\u2019\u00c9cole des Beaux-Arts de Paris, dans l\u2019atelier de Cabanel, grand artiste de la peinture acad\u00e9mique.<\/span><\/p><p>Le mod\u00e8le de ce portrait est l\u2019\u00e9pouse du peintre, surnomm\u00e9e Marcelle. Elle est repr\u00e9sent\u00e9e en tenue du soir, robe blanche vaporeuse, orn\u00e9e de dentelle, et tient \u00e0 la main une paire de jumelles. Le pilier sur la gauche et la rampe couverte de velours rouge au premier plan nous permettent de comprendre qu\u2019elle se trouve dans une loge, au th\u00e9\u00e2tre ou \u00e0 l\u2019op\u00e9ra.<\/p><p><span style=\"color: #000000;\">Le motif de la loge est tr\u00e8s important dans l\u2019histoire de l\u2019art \u00e0 la fin du XIXe si\u00e8cle. Cette loge est la rencontre entre deux mondes\u00a0: entre le monde de la d\u00e9monstration, de l\u2019\u00e9l\u00e9gance, de la curiosit\u00e9 qui est celui de l\u2019arriv\u00e9e au th\u00e9\u00e2tre, et entre le monde de la discr\u00e9tion, de la p\u00e9nombre voire de l\u2019intime puisque la loge est un espace privatis\u00e9 et choisi avec soin. Toutefois, le motif de la loge nous offre un changement de point de vue\u00a0: l\u2019artiste ne peint plus le spectacle mais l\u2019\u00e9l\u00e9gante spectatrice orn\u00e9e de tous ses apparats. Il s\u2019agit donc d\u2019un sujet r\u00e9solument moderne dans lequel la soci\u00e9t\u00e9 devient un sujet digne d\u2019int\u00e9r\u00eat. <\/span><\/p><p><strong>D\u00e9couvrir : <\/strong><\/p><p><a href=\"https:\/\/lamallemaubeugeoise.fr\/index.php\/2022\/10\/18\/le-repos-du-modele\/\"><em>Le repos du mod\u00e8le <\/em><\/a>par Paul Edouard ROSSET-GRANGER<\/p><p><strong>Les \u00e9l\u00e8ves de CM1 de l\u2019\u00e9cole De Joyeuse de Maubeuge vous pr\u00e9sentent l\u2019\u0153uvre\u00a0<em>La Loge:<\/em><\/strong><\/p><div style=\"width: 580px;\" class=\"wp-video\"><video class=\"wp-video-shortcode\" id=\"video-1021-1\" width=\"580\" height=\"326\" preload=\"metadata\" controls=\"controls\"><source type=\"video\/mp4\" src=\"https:\/\/lamallemaubeugeoise.fr\/wp-content\/uploads\/2023\/05\/La-dame-a-la-loge.mp4?_=1\" \/><a href=\"https:\/\/lamallemaubeugeoise.fr\/wp-content\/uploads\/2023\/05\/La-dame-a-la-loge.mp4\">https:\/\/lamallemaubeugeoise.fr\/wp-content\/uploads\/2023\/05\/La-dame-a-la-loge.mp4<\/a><\/video><\/div>\t\t\t\t\t\t\t\t<\/div>\n\t\t\t\t<\/div>\n\t\t\t\t\t<\/div>\n\t\t<\/div>\n\t\t\t\t\t<\/div>\n\t\t<\/section>\n\t\t\t\t<\/div>\n\t\t","protected":false},"excerpt":{"rendered":"<p>Le th\u00e9\u00e2tre et l\u2019op\u00e9ra, des lieux pour voir et \u00eatre vu \u2026 Paul Edouard ROSSET-GRANGER (1853 \u2013 1934)La Loge1908Huile sur toile107,5 x 92 cmMaubeuge, Mus\u00e9e Henri Bo\u00ebz Edouard-Rosset Granger a \u00e9tudi\u00e9 \u00e0 l\u2019\u00c9cole des Beaux-Arts de Paris, dans l\u2019atelier de Cabanel, grand artiste de la peinture acad\u00e9mique. Le mod\u00e8le de ce portrait est l\u2019\u00e9pouse du [&hellip;]<\/p>\n","protected":false},"author":2,"featured_media":336,"comment_status":"open","ping_status":"open","sticky":false,"template":"","format":"standard","meta":{"footnotes":""},"categories":[14],"tags":[19],"class_list":["post-1021","post","type-post","status-publish","format-standard","has-post-thumbnail","hentry","category-musee","tag-peinture"],"yoast_head":"<!-- This site is optimized with the Yoast SEO plugin v27.2 - https:\/\/yoast.com\/product\/yoast-seo-wordpress\/ -->\n<title>ROSSET-GRANGER - La Loge<\/title>\n<meta name=\"description\" content=\"Le mod\u00e8le de ce portrait n&#039;est rien d&#039;autre que l&#039;\u00e9pouse du peintre Paul Edouard ROSSET-GRANGER, Marcelle. En savoir plus...\" \/>\n<meta name=\"robots\" content=\"index, follow, max-snippet:-1, max-image-preview:large, max-video-preview:-1\" \/>\n<link rel=\"canonical\" href=\"https:\/\/lamallemaubeugeoise.fr\/index.php\/2022\/10\/18\/la-loge\/\" \/>\n<meta property=\"og:locale\" content=\"fr_FR\" \/>\n<meta property=\"og:type\" content=\"article\" \/>\n<meta property=\"og:title\" content=\"ROSSET-GRANGER - La Loge\" \/>\n<meta property=\"og:description\" content=\"Le mod\u00e8le de ce portrait n&#039;est rien d&#039;autre que l&#039;\u00e9pouse du peintre Paul Edouard ROSSET-GRANGER, Marcelle. En savoir plus...\" \/>\n<meta property=\"og:url\" content=\"https:\/\/lamallemaubeugeoise.fr\/index.php\/2022\/10\/18\/la-loge\/\" \/>\n<meta property=\"og:site_name\" content=\"La Malle maubeugeoise\" \/>\n<meta property=\"article:publisher\" content=\"https:\/\/www.facebook.com\/VilledeMaubeuge\" \/>\n<meta property=\"article:published_time\" content=\"2022-10-18T08:40:48+00:00\" \/>\n<meta property=\"article:modified_time\" content=\"2023-05-10T11:51:18+00:00\" \/>\n<meta property=\"og:image\" content=\"https:\/\/lamallemaubeugeoise.fr\/wp-content\/uploads\/2022\/09\/935-3-2_0096modif5-Redimensionnee-Redimensionnee-886x1024.jpg\" \/>\n\t<meta property=\"og:image:width\" content=\"886\" \/>\n\t<meta property=\"og:image:height\" content=\"1024\" \/>\n\t<meta property=\"og:image:type\" content=\"image\/jpeg\" \/>\n<meta name=\"author\" content=\"musees\" \/>\n<meta name=\"twitter:card\" content=\"summary_large_image\" \/>\n<meta name=\"twitter:creator\" content=\"@VilleMaubeuge\" \/>\n<meta name=\"twitter:site\" content=\"@VilleMaubeuge\" \/>\n<meta name=\"twitter:label1\" content=\"\u00c9crit par\" \/>\n\t<meta name=\"twitter:data1\" content=\"musees\" \/>\n\t<meta name=\"twitter:label2\" content=\"Dur\u00e9e de lecture estim\u00e9e\" \/>\n\t<meta name=\"twitter:data2\" content=\"2 minutes\" \/>\n<script type=\"application\/ld+json\" class=\"yoast-schema-graph\">{\"@context\":\"https:\/\/schema.org\",\"@graph\":[{\"@type\":\"Article\",\"@id\":\"https:\/\/lamallemaubeugeoise.fr\/index.php\/2022\/10\/18\/la-loge\/#article\",\"isPartOf\":{\"@id\":\"https:\/\/lamallemaubeugeoise.fr\/index.php\/2022\/10\/18\/la-loge\/\"},\"author\":{\"name\":\"musees\",\"@id\":\"https:\/\/lamallemaubeugeoise.fr\/#\/schema\/person\/93c878890f58b27093c10567b9299df1\"},\"headline\":\"La Loge\",\"datePublished\":\"2022-10-18T08:40:48+00:00\",\"dateModified\":\"2023-05-10T11:51:18+00:00\",\"mainEntityOfPage\":{\"@id\":\"https:\/\/lamallemaubeugeoise.fr\/index.php\/2022\/10\/18\/la-loge\/\"},\"wordCount\":299,\"commentCount\":0,\"publisher\":{\"@id\":\"https:\/\/lamallemaubeugeoise.fr\/#organization\"},\"image\":{\"@id\":\"https:\/\/lamallemaubeugeoise.fr\/index.php\/2022\/10\/18\/la-loge\/#primaryimage\"},\"thumbnailUrl\":\"https:\/\/lamallemaubeugeoise.fr\/wp-content\/uploads\/2022\/09\/935-3-2_0096modif5-Redimensionnee-Redimensionnee.jpg\",\"keywords\":[\"peinture\"],\"articleSection\":[\"Mus\u00e9e\"],\"inLanguage\":\"fr-FR\",\"potentialAction\":[{\"@type\":\"CommentAction\",\"name\":\"Comment\",\"target\":[\"https:\/\/lamallemaubeugeoise.fr\/index.php\/2022\/10\/18\/la-loge\/#respond\"]}]},{\"@type\":\"WebPage\",\"@id\":\"https:\/\/lamallemaubeugeoise.fr\/index.php\/2022\/10\/18\/la-loge\/\",\"url\":\"https:\/\/lamallemaubeugeoise.fr\/index.php\/2022\/10\/18\/la-loge\/\",\"name\":\"ROSSET-GRANGER - La Loge\",\"isPartOf\":{\"@id\":\"https:\/\/lamallemaubeugeoise.fr\/#website\"},\"primaryImageOfPage\":{\"@id\":\"https:\/\/lamallemaubeugeoise.fr\/index.php\/2022\/10\/18\/la-loge\/#primaryimage\"},\"image\":{\"@id\":\"https:\/\/lamallemaubeugeoise.fr\/index.php\/2022\/10\/18\/la-loge\/#primaryimage\"},\"thumbnailUrl\":\"https:\/\/lamallemaubeugeoise.fr\/wp-content\/uploads\/2022\/09\/935-3-2_0096modif5-Redimensionnee-Redimensionnee.jpg\",\"datePublished\":\"2022-10-18T08:40:48+00:00\",\"dateModified\":\"2023-05-10T11:51:18+00:00\",\"description\":\"Le mod\u00e8le de ce portrait n'est rien d'autre que l'\u00e9pouse du peintre Paul Edouard ROSSET-GRANGER, Marcelle. En savoir plus...\",\"breadcrumb\":{\"@id\":\"https:\/\/lamallemaubeugeoise.fr\/index.php\/2022\/10\/18\/la-loge\/#breadcrumb\"},\"inLanguage\":\"fr-FR\",\"potentialAction\":[{\"@type\":\"ReadAction\",\"target\":[\"https:\/\/lamallemaubeugeoise.fr\/index.php\/2022\/10\/18\/la-loge\/\"]}]},{\"@type\":\"ImageObject\",\"inLanguage\":\"fr-FR\",\"@id\":\"https:\/\/lamallemaubeugeoise.fr\/index.php\/2022\/10\/18\/la-loge\/#primaryimage\",\"url\":\"https:\/\/lamallemaubeugeoise.fr\/wp-content\/uploads\/2022\/09\/935-3-2_0096modif5-Redimensionnee-Redimensionnee.jpg\",\"contentUrl\":\"https:\/\/lamallemaubeugeoise.fr\/wp-content\/uploads\/2022\/09\/935-3-2_0096modif5-Redimensionnee-Redimensionnee.jpg\",\"width\":1920,\"height\":2218,\"caption\":\"\u00a9Franck Boucourt \/ Mus\u00e9e Henri Bo\u00ebz\"},{\"@type\":\"BreadcrumbList\",\"@id\":\"https:\/\/lamallemaubeugeoise.fr\/index.php\/2022\/10\/18\/la-loge\/#breadcrumb\",\"itemListElement\":[{\"@type\":\"ListItem\",\"position\":1,\"name\":\"Accueil\",\"item\":\"https:\/\/lamallemaubeugeoise.fr\/\"},{\"@type\":\"ListItem\",\"position\":2,\"name\":\"La Loge\"}]},{\"@type\":\"WebSite\",\"@id\":\"https:\/\/lamallemaubeugeoise.fr\/#website\",\"url\":\"https:\/\/lamallemaubeugeoise.fr\/\",\"name\":\"La Malle maubeugeoise\",\"description\":\"\",\"publisher\":{\"@id\":\"https:\/\/lamallemaubeugeoise.fr\/#organization\"},\"potentialAction\":[{\"@type\":\"SearchAction\",\"target\":{\"@type\":\"EntryPoint\",\"urlTemplate\":\"https:\/\/lamallemaubeugeoise.fr\/?s={search_term_string}\"},\"query-input\":{\"@type\":\"PropertyValueSpecification\",\"valueRequired\":true,\"valueName\":\"search_term_string\"}}],\"inLanguage\":\"fr-FR\"},{\"@type\":\"Organization\",\"@id\":\"https:\/\/lamallemaubeugeoise.fr\/#organization\",\"name\":\"La Malle maubeugeoise\",\"url\":\"https:\/\/lamallemaubeugeoise.fr\/\",\"logo\":{\"@type\":\"ImageObject\",\"inLanguage\":\"fr-FR\",\"@id\":\"https:\/\/lamallemaubeugeoise.fr\/#\/schema\/logo\/image\/\",\"url\":\"https:\/\/lamallemaubeugeoise.fr\/wp-content\/uploads\/2022\/09\/logo_culture.png\",\"contentUrl\":\"https:\/\/lamallemaubeugeoise.fr\/wp-content\/uploads\/2022\/09\/logo_culture.png\",\"width\":500,\"height\":270,\"caption\":\"La Malle maubeugeoise\"},\"image\":{\"@id\":\"https:\/\/lamallemaubeugeoise.fr\/#\/schema\/logo\/image\/\"},\"sameAs\":[\"https:\/\/www.facebook.com\/VilledeMaubeuge\",\"https:\/\/x.com\/VilleMaubeuge\",\"https:\/\/www.instagram.com\/villedemaubeuge\/\",\"https:\/\/www.linkedin.com\/company\/42902618\/admin\/\",\"https:\/\/www.youtube.com\/channel\/UCqOferEXg9bqKz_6mzrxN4w\",\"https:\/\/t.me\/villeMaubeuge\"]},{\"@type\":\"Person\",\"@id\":\"https:\/\/lamallemaubeugeoise.fr\/#\/schema\/person\/93c878890f58b27093c10567b9299df1\",\"name\":\"musees\",\"image\":{\"@type\":\"ImageObject\",\"inLanguage\":\"fr-FR\",\"@id\":\"https:\/\/secure.gravatar.com\/avatar\/0ac2771c0cebd71d43bd65726a557bd4d775ad12389c57dcba58b86245cdd3f0?s=96&d=mm&r=g\",\"url\":\"https:\/\/secure.gravatar.com\/avatar\/0ac2771c0cebd71d43bd65726a557bd4d775ad12389c57dcba58b86245cdd3f0?s=96&d=mm&r=g\",\"contentUrl\":\"https:\/\/secure.gravatar.com\/avatar\/0ac2771c0cebd71d43bd65726a557bd4d775ad12389c57dcba58b86245cdd3f0?s=96&d=mm&r=g\",\"caption\":\"musees\"},\"url\":\"https:\/\/lamallemaubeugeoise.fr\/index.php\/author\/musees\/\"}]}<\/script>\n<!-- \/ Yoast SEO plugin. -->","yoast_head_json":{"title":"ROSSET-GRANGER - La Loge","description":"Le mod\u00e8le de ce portrait n'est rien d'autre que l'\u00e9pouse du peintre Paul Edouard ROSSET-GRANGER, Marcelle. En savoir plus...","robots":{"index":"index","follow":"follow","max-snippet":"max-snippet:-1","max-image-preview":"max-image-preview:large","max-video-preview":"max-video-preview:-1"},"canonical":"https:\/\/lamallemaubeugeoise.fr\/index.php\/2022\/10\/18\/la-loge\/","og_locale":"fr_FR","og_type":"article","og_title":"ROSSET-GRANGER - La Loge","og_description":"Le mod\u00e8le de ce portrait n'est rien d'autre que l'\u00e9pouse du peintre Paul Edouard ROSSET-GRANGER, Marcelle. En savoir plus...","og_url":"https:\/\/lamallemaubeugeoise.fr\/index.php\/2022\/10\/18\/la-loge\/","og_site_name":"La Malle maubeugeoise","article_publisher":"https:\/\/www.facebook.com\/VilledeMaubeuge","article_published_time":"2022-10-18T08:40:48+00:00","article_modified_time":"2023-05-10T11:51:18+00:00","og_image":[{"width":886,"height":1024,"url":"https:\/\/lamallemaubeugeoise.fr\/wp-content\/uploads\/2022\/09\/935-3-2_0096modif5-Redimensionnee-Redimensionnee-886x1024.jpg","type":"image\/jpeg"}],"author":"musees","twitter_card":"summary_large_image","twitter_creator":"@VilleMaubeuge","twitter_site":"@VilleMaubeuge","twitter_misc":{"\u00c9crit par":"musees","Dur\u00e9e de lecture estim\u00e9e":"2 minutes"},"schema":{"@context":"https:\/\/schema.org","@graph":[{"@type":"Article","@id":"https:\/\/lamallemaubeugeoise.fr\/index.php\/2022\/10\/18\/la-loge\/#article","isPartOf":{"@id":"https:\/\/lamallemaubeugeoise.fr\/index.php\/2022\/10\/18\/la-loge\/"},"author":{"name":"musees","@id":"https:\/\/lamallemaubeugeoise.fr\/#\/schema\/person\/93c878890f58b27093c10567b9299df1"},"headline":"La Loge","datePublished":"2022-10-18T08:40:48+00:00","dateModified":"2023-05-10T11:51:18+00:00","mainEntityOfPage":{"@id":"https:\/\/lamallemaubeugeoise.fr\/index.php\/2022\/10\/18\/la-loge\/"},"wordCount":299,"commentCount":0,"publisher":{"@id":"https:\/\/lamallemaubeugeoise.fr\/#organization"},"image":{"@id":"https:\/\/lamallemaubeugeoise.fr\/index.php\/2022\/10\/18\/la-loge\/#primaryimage"},"thumbnailUrl":"https:\/\/lamallemaubeugeoise.fr\/wp-content\/uploads\/2022\/09\/935-3-2_0096modif5-Redimensionnee-Redimensionnee.jpg","keywords":["peinture"],"articleSection":["Mus\u00e9e"],"inLanguage":"fr-FR","potentialAction":[{"@type":"CommentAction","name":"Comment","target":["https:\/\/lamallemaubeugeoise.fr\/index.php\/2022\/10\/18\/la-loge\/#respond"]}]},{"@type":"WebPage","@id":"https:\/\/lamallemaubeugeoise.fr\/index.php\/2022\/10\/18\/la-loge\/","url":"https:\/\/lamallemaubeugeoise.fr\/index.php\/2022\/10\/18\/la-loge\/","name":"ROSSET-GRANGER - La Loge","isPartOf":{"@id":"https:\/\/lamallemaubeugeoise.fr\/#website"},"primaryImageOfPage":{"@id":"https:\/\/lamallemaubeugeoise.fr\/index.php\/2022\/10\/18\/la-loge\/#primaryimage"},"image":{"@id":"https:\/\/lamallemaubeugeoise.fr\/index.php\/2022\/10\/18\/la-loge\/#primaryimage"},"thumbnailUrl":"https:\/\/lamallemaubeugeoise.fr\/wp-content\/uploads\/2022\/09\/935-3-2_0096modif5-Redimensionnee-Redimensionnee.jpg","datePublished":"2022-10-18T08:40:48+00:00","dateModified":"2023-05-10T11:51:18+00:00","description":"Le mod\u00e8le de ce portrait n'est rien d'autre que l'\u00e9pouse du peintre Paul Edouard ROSSET-GRANGER, Marcelle. En savoir plus...","breadcrumb":{"@id":"https:\/\/lamallemaubeugeoise.fr\/index.php\/2022\/10\/18\/la-loge\/#breadcrumb"},"inLanguage":"fr-FR","potentialAction":[{"@type":"ReadAction","target":["https:\/\/lamallemaubeugeoise.fr\/index.php\/2022\/10\/18\/la-loge\/"]}]},{"@type":"ImageObject","inLanguage":"fr-FR","@id":"https:\/\/lamallemaubeugeoise.fr\/index.php\/2022\/10\/18\/la-loge\/#primaryimage","url":"https:\/\/lamallemaubeugeoise.fr\/wp-content\/uploads\/2022\/09\/935-3-2_0096modif5-Redimensionnee-Redimensionnee.jpg","contentUrl":"https:\/\/lamallemaubeugeoise.fr\/wp-content\/uploads\/2022\/09\/935-3-2_0096modif5-Redimensionnee-Redimensionnee.jpg","width":1920,"height":2218,"caption":"\u00a9Franck Boucourt \/ Mus\u00e9e Henri Bo\u00ebz"},{"@type":"BreadcrumbList","@id":"https:\/\/lamallemaubeugeoise.fr\/index.php\/2022\/10\/18\/la-loge\/#breadcrumb","itemListElement":[{"@type":"ListItem","position":1,"name":"Accueil","item":"https:\/\/lamallemaubeugeoise.fr\/"},{"@type":"ListItem","position":2,"name":"La Loge"}]},{"@type":"WebSite","@id":"https:\/\/lamallemaubeugeoise.fr\/#website","url":"https:\/\/lamallemaubeugeoise.fr\/","name":"La Malle maubeugeoise","description":"","publisher":{"@id":"https:\/\/lamallemaubeugeoise.fr\/#organization"},"potentialAction":[{"@type":"SearchAction","target":{"@type":"EntryPoint","urlTemplate":"https:\/\/lamallemaubeugeoise.fr\/?s={search_term_string}"},"query-input":{"@type":"PropertyValueSpecification","valueRequired":true,"valueName":"search_term_string"}}],"inLanguage":"fr-FR"},{"@type":"Organization","@id":"https:\/\/lamallemaubeugeoise.fr\/#organization","name":"La Malle maubeugeoise","url":"https:\/\/lamallemaubeugeoise.fr\/","logo":{"@type":"ImageObject","inLanguage":"fr-FR","@id":"https:\/\/lamallemaubeugeoise.fr\/#\/schema\/logo\/image\/","url":"https:\/\/lamallemaubeugeoise.fr\/wp-content\/uploads\/2022\/09\/logo_culture.png","contentUrl":"https:\/\/lamallemaubeugeoise.fr\/wp-content\/uploads\/2022\/09\/logo_culture.png","width":500,"height":270,"caption":"La Malle maubeugeoise"},"image":{"@id":"https:\/\/lamallemaubeugeoise.fr\/#\/schema\/logo\/image\/"},"sameAs":["https:\/\/www.facebook.com\/VilledeMaubeuge","https:\/\/x.com\/VilleMaubeuge","https:\/\/www.instagram.com\/villedemaubeuge\/","https:\/\/www.linkedin.com\/company\/42902618\/admin\/","https:\/\/www.youtube.com\/channel\/UCqOferEXg9bqKz_6mzrxN4w","https:\/\/t.me\/villeMaubeuge"]},{"@type":"Person","@id":"https:\/\/lamallemaubeugeoise.fr\/#\/schema\/person\/93c878890f58b27093c10567b9299df1","name":"musees","image":{"@type":"ImageObject","inLanguage":"fr-FR","@id":"https:\/\/secure.gravatar.com\/avatar\/0ac2771c0cebd71d43bd65726a557bd4d775ad12389c57dcba58b86245cdd3f0?s=96&d=mm&r=g","url":"https:\/\/secure.gravatar.com\/avatar\/0ac2771c0cebd71d43bd65726a557bd4d775ad12389c57dcba58b86245cdd3f0?s=96&d=mm&r=g","contentUrl":"https:\/\/secure.gravatar.com\/avatar\/0ac2771c0cebd71d43bd65726a557bd4d775ad12389c57dcba58b86245cdd3f0?s=96&d=mm&r=g","caption":"musees"},"url":"https:\/\/lamallemaubeugeoise.fr\/index.php\/author\/musees\/"}]}},"_links":{"self":[{"href":"https:\/\/lamallemaubeugeoise.fr\/index.php\/wp-json\/wp\/v2\/posts\/1021","targetHints":{"allow":["GET"]}}],"collection":[{"href":"https:\/\/lamallemaubeugeoise.fr\/index.php\/wp-json\/wp\/v2\/posts"}],"about":[{"href":"https:\/\/lamallemaubeugeoise.fr\/index.php\/wp-json\/wp\/v2\/types\/post"}],"author":[{"embeddable":true,"href":"https:\/\/lamallemaubeugeoise.fr\/index.php\/wp-json\/wp\/v2\/users\/2"}],"replies":[{"embeddable":true,"href":"https:\/\/lamallemaubeugeoise.fr\/index.php\/wp-json\/wp\/v2\/comments?post=1021"}],"version-history":[{"count":29,"href":"https:\/\/lamallemaubeugeoise.fr\/index.php\/wp-json\/wp\/v2\/posts\/1021\/revisions"}],"predecessor-version":[{"id":3101,"href":"https:\/\/lamallemaubeugeoise.fr\/index.php\/wp-json\/wp\/v2\/posts\/1021\/revisions\/3101"}],"wp:featuredmedia":[{"embeddable":true,"href":"https:\/\/lamallemaubeugeoise.fr\/index.php\/wp-json\/wp\/v2\/media\/336"}],"wp:attachment":[{"href":"https:\/\/lamallemaubeugeoise.fr\/index.php\/wp-json\/wp\/v2\/media?parent=1021"}],"wp:term":[{"taxonomy":"category","embeddable":true,"href":"https:\/\/lamallemaubeugeoise.fr\/index.php\/wp-json\/wp\/v2\/categories?post=1021"},{"taxonomy":"post_tag","embeddable":true,"href":"https:\/\/lamallemaubeugeoise.fr\/index.php\/wp-json\/wp\/v2\/tags?post=1021"}],"curies":[{"name":"wp","href":"https:\/\/api.w.org\/{rel}","templated":true}]}}