{"id":1384,"date":"2022-11-06T17:47:42","date_gmt":"2022-11-06T17:47:42","guid":{"rendered":"https:\/\/lamallemaubeugeoise.fr\/?p=1384"},"modified":"2023-01-24T10:22:35","modified_gmt":"2023-01-24T09:22:35","slug":"salle-sthrau","status":"publish","type":"post","link":"https:\/\/lamallemaubeugeoise.fr\/index.php\/2022\/11\/06\/salle-sthrau\/","title":{"rendered":"Salle Sthrau"},"content":{"rendered":"\t\t<div data-elementor-type=\"wp-post\" data-elementor-id=\"1384\" class=\"elementor elementor-1384\" data-elementor-post-type=\"post\">\n\t\t\t\t\t\t<section class=\"elementor-section elementor-top-section elementor-element elementor-element-77adc4a5 elementor-section-boxed elementor-section-height-default elementor-section-height-default\" data-id=\"77adc4a5\" data-element_type=\"section\" data-e-type=\"section\">\n\t\t\t\t\t\t<div class=\"elementor-container elementor-column-gap-default\">\n\t\t\t\t\t<div class=\"elementor-column elementor-col-100 elementor-top-column elementor-element elementor-element-974b46\" data-id=\"974b46\" data-element_type=\"column\" data-e-type=\"column\">\n\t\t\t<div class=\"elementor-widget-wrap elementor-element-populated\">\n\t\t\t\t\t\t<div class=\"elementor-element elementor-element-77d97bf9 elementor-widget elementor-widget-text-editor\" data-id=\"77d97bf9\" data-element_type=\"widget\" data-e-type=\"widget\" data-widget_type=\"text-editor.default\">\n\t\t\t\t<div class=\"elementor-widget-container\">\n\t\t\t\t\t\t\t\t\t<p>4, rue Georges Paillot, Maubeuge<\/p>\n<p><strong><span style=\"font-size: 18px;\">La salle Sthrau, le renouveau de l&rsquo;Art d\u00e9co !&nbsp;<\/span><\/strong><\/p>\n<p style=\"margin-bottom: 12.0pt; line-height: normal;\">Edifi\u00e9e en 1624, la salle Sthrau \u00e9tait \u00e0 l\u2019origine la chapelle de l\u2019ancien coll\u00e8ge des J\u00e9suites. Elle servait de lieu de culte aux religieux \u00e9tablis dans le coll\u00e8ge voisin. Elle est par la suite d\u00e9sacralis\u00e9e durant la R\u00e9volution fran\u00e7aise et est rebaptis\u00e9e du nom d\u2019un petit tambour alsacien nomm\u00e9 Sthrau, h\u00e9ros de la bataille de Wattignies en 1793. Tout au long du XIXe si\u00e8cle, de surprenantes affectations lui ont \u00e9t\u00e9 attribu\u00e9es : \u00e9curies, salle de bal ou encore salle de r\u00e9cr\u00e9ation. <br>En 1914, alors qu\u2019elle accueille le mus\u00e9e de Maubeuge, une biblioth\u00e8que ainsi qu\u2019une salle de musique, la salle Sthrau est gravement touch\u00e9e par les bombardements allemands. Le b\u00e2timent est presque enti\u00e8rement d\u00e9truit : seuls subsistent les murs ext\u00e9rieurs et le pignon.<br>En 1925, les architectes Jean et Henri Lafitte reconstruisent l\u2019\u00e9difice et en font une somptueuse salle des f\u00eates, dans un style Art d\u00e9co. Organis\u00e9e sur deux niveaux dans le but d\u2019accueillir une salle de musique ainsi qu\u2019une salle de bal, elle dispose de vestiaires, d\u2019un bar, de salons de jeux et de loges pour les artistes.<br><a href=\"https:\/\/www.pop.culture.gouv.fr\/notice\/merimee\/PA00107747?base=%5B%22Patrimoine%20architectural%20%28M%C3%A9rim%C3%A9e%29%22%5D&amp;mainSearch=%22Salle%20Sthrau%22&amp;last_view=%22list%22&amp;idQuery=%226e776f-28bf-68af-70d-ffe5c56a2c2d%22\">Inscrite \u00e0 l\u2019Inventaire des Monuments historiques<\/a>, elle est ferm\u00e9e pour raison de s\u00e9curit\u00e9 en 1997, puis r\u00e9habilit\u00e9e progressivement jusqu\u2019en 2018, ann\u00e9e de sa r\u00e9ouverture au public.<\/p>\n<p style=\"margin-bottom: 0cm; line-height: normal;\">Un important contraste est pr\u00e9sent entre l&rsquo;ext\u00e9rieur et l&rsquo;int\u00e9rieur de l&rsquo;\u00e9difice. En effet, l&rsquo;architecture ext\u00e9rieure de la salle conserve l&rsquo;aspect aust\u00e8re de la chapelle originelle et reste fid\u00e8le au style gothique. Elle est construite en briques et en pierres bleues et constitue un exemple marquant de la p\u00e9riode ogivale, c&rsquo;est \u00e0 dire en forme d&rsquo;arc aigu. <br>La reconstruction des ann\u00e9es 1920 cr\u00e9e ainsi un contraste entre l&rsquo;aspect religieux ext\u00e9rieur et l&rsquo;aspect festif d&rsquo;une salle de spectacle. Les architectes Jean et Henri Lafitte d\u00e9cident de diviser l&rsquo;ancienne chapelle dans la hauteur afin de cr\u00e9er deux niveaux. Pour cela, ils utilisent un mat\u00e9riau courant et \u00e9conomique : le b\u00e9ton arm\u00e9.<\/p>\n<p>L\u2019entr\u00e9e de la salle se fait en passant par un vestibule qui donne acc\u00e8s au rez-de-chauss\u00e9e \u00e0 la salle de musique. Celle-ci est d\u00e9cor\u00e9e d&rsquo;un plafond \u00e0 caissons en stuc ainsi que de murs cannel\u00e9s, permettant, outre l&rsquo;aspect esth\u00e9tique, de conf\u00e9rer \u00e0 la salle une meilleure acoustique. La salle de musique pr\u00e9sente diff\u00e9rentes peintures mettant en sc\u00e8ne des musiciens.<\/p>\n<p>L&rsquo;escalier ornemental, tournant \u00e0 double vol\u00e9es sym\u00e9triques, donne acc\u00e8s \u00e0 l&rsquo;\u00e9tage sup\u00e9rieur. Il est orn\u00e9 de nombreux d\u00e9tails en fer forg\u00e9 qui accompagnent le visiteur au fil de son ascension. <br>Les murs des cages d\u2019escaliers sont enduits de stuc et sont grav\u00e9s. Ils pr\u00e9sentent un joueur de lyre et une danseuse se faisant face, en \u00e9cho aux deux fonctions de la salle.<\/p>\n<p>La salle de bal, situ\u00e9e au premier \u00e9tage, reprend le plan de l&rsquo;ancienne chapelle. Elle s&rsquo;ach\u00e8ve en abside, est couverte d\u2019un plafond \u00e0 fond vitr\u00e9 d\u2019une coupole en verre et de vo\u00fbtes en berceau.<br>Les parois nord et sud sont d\u00e9cor\u00e9es de deux peintures murales dat\u00e9es de 1927 et repr\u00e9sentant la f\u00eate de la Lib\u00e9ration du 23 f\u00e9vrier 1749 et le Cort\u00e8ge Mabuse, f\u00eate annuelle donn\u00e9e en l\u2019honneur du peintre Jean Gossaert et encore en usage aujourd\u2019hui.<\/p>\n<p style=\"margin-bottom: 0cm; line-height: normal;\">Depuis sa r\u00e9ouverture, la salle Sthrau a retrouv\u00e9 sa vocation culturelle et artistique, accueillant une part importante de la programmation culturelle municipale : spectacles, concerts, animations et expositions y sont r\u00e9guli\u00e8rement programm\u00e9s.<br>Elle h\u00e9berge \u00e9galement la Micro-Folie, dispositif pr\u00e9sentant les reproductions num\u00e9riques des \u0153uvres des grands mus\u00e9es nationaux et internationaux, et le dispositif Muse proposant aux familles et aux plus jeunes une d\u00e9couverte immersive de l\u2019histoire de l\u2019art.<\/p>\n<p style=\"margin-bottom: 0cm; line-height: normal;\"><b>Jean et Henri Lafitte<\/b> sont deux architectes fran\u00e7ais qui ont particip\u00e9 \u00e0 conception de diff\u00e9rents b\u00e2timents de la ville de Maubeuge. Jean est n\u00e9 en 1853 et d\u00e9c\u00e8de en 1928. Son fils, Henri est n\u00e9 en en 1888 et dec\u00e8de en 1966. P\u00e8re et fils ont particip\u00e9 \u00e0 l&rsquo;\u00e9laboration des plans d&rsquo;autres b\u00e2timents maubeugeois, notamment <a href=\"https:\/\/lamallemaubeugeoise.fr\/index.php\/2022\/11\/06\/banque-de-france\/\">l&rsquo;Ancienne Banque de France<\/a>, <a href=\"https:\/\/lamallemaubeugeoise.fr\/index.php\/2022\/11\/08\/conservatoire\/\">le Conservatoire<\/a> ou encore <a href=\"https:\/\/lamallemaubeugeoise.fr\/index.php\/2022\/11\/08\/sculfort\/\">les bureaux Sculfort<\/a>.&nbsp;<\/p>\n<p style=\"margin-bottom: 12.0pt; line-height: normal;\">\n<\/p>\t\t\t\t\t\t\t\t<\/div>\n\t\t\t\t<\/div>\n\t\t\t\t\t<\/div>\n\t\t<\/div>\n\t\t\t\t\t<\/div>\n\t\t<\/section>\n\t\t\t\t<section class=\"elementor-section elementor-top-section elementor-element elementor-element-0ac8f04 elementor-section-boxed elementor-section-height-default elementor-section-height-default\" data-id=\"0ac8f04\" data-element_type=\"section\" data-e-type=\"section\">\n\t\t\t\t\t\t<div class=\"elementor-container elementor-column-gap-default\">\n\t\t\t\t\t<div class=\"elementor-column elementor-col-100 elementor-top-column elementor-element elementor-element-d149643\" data-id=\"d149643\" data-element_type=\"column\" data-e-type=\"column\">\n\t\t\t<div class=\"elementor-widget-wrap elementor-element-populated\">\n\t\t\t\t\t\t<div class=\"elementor-element elementor-element-106297a elementor-widget elementor-widget-gallery\" data-id=\"106297a\" data-element_type=\"widget\" data-e-type=\"widget\" data-settings=\"{&quot;columns&quot;:3,&quot;gallery_layout&quot;:&quot;masonry&quot;,&quot;gap&quot;:{&quot;unit&quot;:&quot;px&quot;,&quot;size&quot;:1,&quot;sizes&quot;:[]},&quot;lazyload&quot;:&quot;yes&quot;,&quot;columns_tablet&quot;:2,&quot;columns_mobile&quot;:1,&quot;gap_tablet&quot;:{&quot;unit&quot;:&quot;px&quot;,&quot;size&quot;:10,&quot;sizes&quot;:[]},&quot;gap_mobile&quot;:{&quot;unit&quot;:&quot;px&quot;,&quot;size&quot;:10,&quot;sizes&quot;:[]},&quot;link_to&quot;:&quot;file&quot;,&quot;overlay_background&quot;:&quot;yes&quot;,&quot;content_hover_animation&quot;:&quot;fade-in&quot;}\" data-widget_type=\"gallery.default\">\n\t\t\t\t<div class=\"elementor-widget-container\">\n\t\t\t\t\t\t\t<div class=\"elementor-gallery__container\">\n\t\t\t\t\t\t\t<a class=\"e-gallery-item elementor-gallery-item elementor-animated-content\" href=\"https:\/\/lamallemaubeugeoise.fr\/wp-content\/uploads\/2022\/10\/SALLE-STHRAU_28-Redimensionnee-scaled.jpg\" data-elementor-open-lightbox=\"yes\" data-elementor-lightbox-slideshow=\"106297a\" data-elementor-lightbox-title=\"\u00a9Franck Boucourt\/ Ville de Maubeuge\" data-e-action-hash=\"#elementor-action%3Aaction%3Dlightbox%26settings%3DeyJpZCI6Njc2LCJ1cmwiOiJodHRwczpcL1wvbGFtYWxsZW1hdWJldWdlb2lzZS5mclwvd3AtY29udGVudFwvdXBsb2Fkc1wvMjAyMlwvMTBcL1NBTExFLVNUSFJBVV8yOC1SZWRpbWVuc2lvbm5lZS1zY2FsZWQuanBnIiwic2xpZGVzaG93IjoiMTA2Mjk3YSJ9\">\n\t\t\t\t\t<div class=\"e-gallery-image elementor-gallery-item__image\" data-thumbnail=\"https:\/\/lamallemaubeugeoise.fr\/wp-content\/uploads\/2022\/10\/SALLE-STHRAU_28-Redimensionnee-683x1024.jpg\" data-width=\"580\" data-height=\"870\" aria-label=\"Photographie de l&#039;entr\u00e9e de la salle Sthrau\" role=\"img\" ><\/div>\n\t\t\t\t\t\t\t\t\t\t\t<div class=\"elementor-gallery-item__overlay\"><\/div>\n\t\t\t\t\t\t\t\t\t\t\t\t\t\t<\/a>\n\t\t\t\t\t\t\t<a class=\"e-gallery-item elementor-gallery-item elementor-animated-content\" href=\"https:\/\/lamallemaubeugeoise.fr\/wp-content\/uploads\/2022\/10\/SALLE-STHRAU_49-Redimensionnee-scaled.jpg\" data-elementor-open-lightbox=\"yes\" data-elementor-lightbox-slideshow=\"106297a\" data-elementor-lightbox-title=\"\u00a9Franck Boucourt\/ Ville de Maubeuge\" data-e-action-hash=\"#elementor-action%3Aaction%3Dlightbox%26settings%3DeyJpZCI6NjY2LCJ1cmwiOiJodHRwczpcL1wvbGFtYWxsZW1hdWJldWdlb2lzZS5mclwvd3AtY29udGVudFwvdXBsb2Fkc1wvMjAyMlwvMTBcL1NBTExFLVNUSFJBVV80OS1SZWRpbWVuc2lvbm5lZS1zY2FsZWQuanBnIiwic2xpZGVzaG93IjoiMTA2Mjk3YSJ9\">\n\t\t\t\t\t<div class=\"e-gallery-image elementor-gallery-item__image\" data-thumbnail=\"https:\/\/lamallemaubeugeoise.fr\/wp-content\/uploads\/2022\/10\/SALLE-STHRAU_49-Redimensionnee-683x1024.jpg\" data-width=\"580\" data-height=\"870\" aria-label=\"Photographie de la salle Sthrau de Maubeuge\" role=\"img\" ><\/div>\n\t\t\t\t\t\t\t\t\t\t\t<div class=\"elementor-gallery-item__overlay\"><\/div>\n\t\t\t\t\t\t\t\t\t\t\t\t\t\t<\/a>\n\t\t\t\t\t\t\t<a class=\"e-gallery-item elementor-gallery-item elementor-animated-content\" href=\"https:\/\/lamallemaubeugeoise.fr\/wp-content\/uploads\/2022\/10\/SALLE-STHRAU_08-Redimensionnee.jpg\" data-elementor-open-lightbox=\"yes\" data-elementor-lightbox-slideshow=\"106297a\" data-elementor-lightbox-title=\"\u00a9Franck Boucourt\/ Ville de Maubeuge\" data-e-action-hash=\"#elementor-action%3Aaction%3Dlightbox%26settings%3DeyJpZCI6NjQ1LCJ1cmwiOiJodHRwczpcL1wvbGFtYWxsZW1hdWJldWdlb2lzZS5mclwvd3AtY29udGVudFwvdXBsb2Fkc1wvMjAyMlwvMTBcL1NBTExFLVNUSFJBVV8wOC1SZWRpbWVuc2lvbm5lZS5qcGciLCJzbGlkZXNob3ciOiIxMDYyOTdhIn0%3D\">\n\t\t\t\t\t<div class=\"e-gallery-image elementor-gallery-item__image\" data-thumbnail=\"https:\/\/lamallemaubeugeoise.fr\/wp-content\/uploads\/2022\/10\/SALLE-STHRAU_08-Redimensionnee-1024x683.jpg\" data-width=\"580\" data-height=\"387\" aria-label=\"Photographie de la salle Sthrau de Maubeuge\" role=\"img\" ><\/div>\n\t\t\t\t\t\t\t\t\t\t\t<div class=\"elementor-gallery-item__overlay\"><\/div>\n\t\t\t\t\t\t\t\t\t\t\t\t\t\t<\/a>\n\t\t\t\t\t\t\t<a class=\"e-gallery-item elementor-gallery-item elementor-animated-content\" href=\"https:\/\/lamallemaubeugeoise.fr\/wp-content\/uploads\/2023\/01\/STHRAU_Laconis-47.jpg\" data-elementor-open-lightbox=\"yes\" data-elementor-lightbox-slideshow=\"106297a\" data-elementor-lightbox-title=\"\u00a9 Thomas Laconis \/ Ville de Maubeuge\" data-e-action-hash=\"#elementor-action%3Aaction%3Dlightbox%26settings%3DeyJpZCI6Mjc5NCwidXJsIjoiaHR0cHM6XC9cL2xhbWFsbGVtYXViZXVnZW9pc2UuZnJcL3dwLWNvbnRlbnRcL3VwbG9hZHNcLzIwMjNcLzAxXC9TVEhSQVVfTGFjb25pcy00Ny5qcGciLCJzbGlkZXNob3ciOiIxMDYyOTdhIn0%3D\">\n\t\t\t\t\t<div class=\"e-gallery-image elementor-gallery-item__image\" data-thumbnail=\"https:\/\/lamallemaubeugeoise.fr\/wp-content\/uploads\/2023\/01\/STHRAU_Laconis-47-1024x683.jpg\" data-width=\"580\" data-height=\"387\" aria-label=\"M\u00e9daillon de la salle de bal\" role=\"img\" ><\/div>\n\t\t\t\t\t\t\t\t\t\t\t<div class=\"elementor-gallery-item__overlay\"><\/div>\n\t\t\t\t\t\t\t\t\t\t\t\t\t\t<\/a>\n\t\t\t\t\t\t\t<a class=\"e-gallery-item elementor-gallery-item elementor-animated-content\" href=\"https:\/\/lamallemaubeugeoise.fr\/wp-content\/uploads\/2023\/01\/STHRAU_Laconis-5-scaled.jpeg\" data-elementor-open-lightbox=\"yes\" data-elementor-lightbox-slideshow=\"106297a\" data-elementor-lightbox-title=\"\u00a9 Thomas Laconis \/ Ville de Maubeuge\" data-e-action-hash=\"#elementor-action%3Aaction%3Dlightbox%26settings%3DeyJpZCI6Mjc5NSwidXJsIjoiaHR0cHM6XC9cL2xhbWFsbGVtYXViZXVnZW9pc2UuZnJcL3dwLWNvbnRlbnRcL3VwbG9hZHNcLzIwMjNcLzAxXC9TVEhSQVVfTGFjb25pcy01LXNjYWxlZC5qcGVnIiwic2xpZGVzaG93IjoiMTA2Mjk3YSJ9\">\n\t\t\t\t\t<div class=\"e-gallery-image elementor-gallery-item__image\" data-thumbnail=\"https:\/\/lamallemaubeugeoise.fr\/wp-content\/uploads\/2023\/01\/STHRAU_Laconis-5-1024x683.jpeg\" data-width=\"580\" data-height=\"387\" aria-label=\"Verri\u00e8re de la salle Sthrau\" role=\"img\" ><\/div>\n\t\t\t\t\t\t\t\t\t\t\t<div class=\"elementor-gallery-item__overlay\"><\/div>\n\t\t\t\t\t\t\t\t\t\t\t\t\t\t<\/a>\n\t\t\t\t\t\t\t<a class=\"e-gallery-item elementor-gallery-item elementor-animated-content\" href=\"https:\/\/lamallemaubeugeoise.fr\/wp-content\/uploads\/2023\/01\/STHRAU_Laconis-40-scaled.jpg\" data-elementor-open-lightbox=\"yes\" data-elementor-lightbox-slideshow=\"106297a\" data-elementor-lightbox-title=\"\u00a9 Thomas Laconis \/ Ville de Maubeuge\" data-e-action-hash=\"#elementor-action%3Aaction%3Dlightbox%26settings%3DeyJpZCI6Mjc5MywidXJsIjoiaHR0cHM6XC9cL2xhbWFsbGVtYXViZXVnZW9pc2UuZnJcL3dwLWNvbnRlbnRcL3VwbG9hZHNcLzIwMjNcLzAxXC9TVEhSQVVfTGFjb25pcy00MC1zY2FsZWQuanBnIiwic2xpZGVzaG93IjoiMTA2Mjk3YSJ9\">\n\t\t\t\t\t<div class=\"e-gallery-image elementor-gallery-item__image\" data-thumbnail=\"https:\/\/lamallemaubeugeoise.fr\/wp-content\/uploads\/2023\/01\/STHRAU_Laconis-40-1024x1024.jpg\" data-width=\"580\" data-height=\"580\" aria-label=\"Applique murale de la salle de bal\" role=\"img\" ><\/div>\n\t\t\t\t\t\t\t\t\t\t\t<div class=\"elementor-gallery-item__overlay\"><\/div>\n\t\t\t\t\t\t\t\t\t\t\t\t\t\t<\/a>\n\t\t\t\t\t\t\t<a class=\"e-gallery-item elementor-gallery-item elementor-animated-content\" href=\"https:\/\/lamallemaubeugeoise.fr\/wp-content\/uploads\/2023\/01\/STHRAU_Laconis-140-scaled.jpg\" data-elementor-open-lightbox=\"yes\" data-elementor-lightbox-slideshow=\"106297a\" data-elementor-lightbox-title=\"\u00a9 Thomas Laconis \/ Ville de Maubeuge\" data-e-action-hash=\"#elementor-action%3Aaction%3Dlightbox%26settings%3DeyJpZCI6Mjc5NywidXJsIjoiaHR0cHM6XC9cL2xhbWFsbGVtYXViZXVnZW9pc2UuZnJcL3dwLWNvbnRlbnRcL3VwbG9hZHNcLzIwMjNcLzAxXC9TVEhSQVVfTGFjb25pcy0xNDAtc2NhbGVkLmpwZyIsInNsaWRlc2hvdyI6IjEwNjI5N2EifQ%3D%3D\">\n\t\t\t\t\t<div class=\"e-gallery-image elementor-gallery-item__image\" data-thumbnail=\"https:\/\/lamallemaubeugeoise.fr\/wp-content\/uploads\/2023\/01\/STHRAU_Laconis-140-543x1024.jpg\" data-width=\"543\" data-height=\"1024\" aria-label=\"Photographie de l&#039;entr\u00e9e de la salle de bal\" role=\"img\" ><\/div>\n\t\t\t\t\t\t\t\t\t\t\t<div class=\"elementor-gallery-item__overlay\"><\/div>\n\t\t\t\t\t\t\t\t\t\t\t\t\t\t<\/a>\n\t\t\t\t\t\t\t<a class=\"e-gallery-item elementor-gallery-item elementor-animated-content\" href=\"https:\/\/lamallemaubeugeoise.fr\/wp-content\/uploads\/2023\/01\/STHRAU_Laconis-6-allegee.jpg\" data-elementor-open-lightbox=\"yes\" data-elementor-lightbox-slideshow=\"106297a\" data-elementor-lightbox-title=\"\u00a9 Thomas Laconis \/ Ville de Maubeuge\" data-e-action-hash=\"#elementor-action%3Aaction%3Dlightbox%26settings%3DeyJpZCI6MjgwNSwidXJsIjoiaHR0cHM6XC9cL2xhbWFsbGVtYXViZXVnZW9pc2UuZnJcL3dwLWNvbnRlbnRcL3VwbG9hZHNcLzIwMjNcLzAxXC9TVEhSQVVfTGFjb25pcy02LWFsbGVnZWUuanBnIiwic2xpZGVzaG93IjoiMTA2Mjk3YSJ9\">\n\t\t\t\t\t<div class=\"e-gallery-image elementor-gallery-item__image\" data-thumbnail=\"https:\/\/lamallemaubeugeoise.fr\/wp-content\/uploads\/2023\/01\/STHRAU_Laconis-6-allegee.jpg\" data-width=\"580\" data-height=\"553\" aria-label=\"Coupole de la salle sthrau\" role=\"img\" ><\/div>\n\t\t\t\t\t\t\t\t\t\t\t<div class=\"elementor-gallery-item__overlay\"><\/div>\n\t\t\t\t\t\t\t\t\t\t\t\t\t\t<\/a>\n\t\t\t\t\t\t\t<a class=\"e-gallery-item elementor-gallery-item elementor-animated-content\" href=\"https:\/\/lamallemaubeugeoise.fr\/wp-content\/uploads\/2023\/01\/STHRAU_Laconis-15-allegee.jpg\" data-elementor-open-lightbox=\"yes\" data-elementor-lightbox-slideshow=\"106297a\" data-elementor-lightbox-title=\"\u00a9 Thomas Laconis \/ Ville de Maubeuge\" data-e-action-hash=\"#elementor-action%3Aaction%3Dlightbox%26settings%3DeyJpZCI6MjgwNiwidXJsIjoiaHR0cHM6XC9cL2xhbWFsbGVtYXViZXVnZW9pc2UuZnJcL3dwLWNvbnRlbnRcL3VwbG9hZHNcLzIwMjNcLzAxXC9TVEhSQVVfTGFjb25pcy0xNS1hbGxlZ2VlLmpwZyIsInNsaWRlc2hvdyI6IjEwNjI5N2EifQ%3D%3D\">\n\t\t\t\t\t<div class=\"e-gallery-image elementor-gallery-item__image\" data-thumbnail=\"https:\/\/lamallemaubeugeoise.fr\/wp-content\/uploads\/2023\/01\/STHRAU_Laconis-15-allegee-1024x683.jpg\" data-width=\"580\" data-height=\"387\" aria-label=\"Entr\u00e9e de la salle de bal\" role=\"img\" ><\/div>\n\t\t\t\t\t\t\t\t\t\t\t<div class=\"elementor-gallery-item__overlay\"><\/div>\n\t\t\t\t\t\t\t\t\t\t\t\t\t\t<\/a>\n\t\t\t\t\t\t\t<a class=\"e-gallery-item elementor-gallery-item elementor-animated-content\" href=\"https:\/\/lamallemaubeugeoise.fr\/wp-content\/uploads\/2023\/01\/STHRAU_Laconis-20-allegee.jpg\" data-elementor-open-lightbox=\"yes\" data-elementor-lightbox-slideshow=\"106297a\" data-elementor-lightbox-title=\"\u00a9 Thomas Laconis \/ Ville de Maubeuge\" data-e-action-hash=\"#elementor-action%3Aaction%3Dlightbox%26settings%3DeyJpZCI6MjgwNywidXJsIjoiaHR0cHM6XC9cL2xhbWFsbGVtYXViZXVnZW9pc2UuZnJcL3dwLWNvbnRlbnRcL3VwbG9hZHNcLzIwMjNcLzAxXC9TVEhSQVVfTGFjb25pcy0yMC1hbGxlZ2VlLmpwZyIsInNsaWRlc2hvdyI6IjEwNjI5N2EifQ%3D%3D\">\n\t\t\t\t\t<div class=\"e-gallery-image elementor-gallery-item__image\" data-thumbnail=\"https:\/\/lamallemaubeugeoise.fr\/wp-content\/uploads\/2023\/01\/STHRAU_Laconis-20-allegee-1024x683.jpg\" data-width=\"580\" data-height=\"387\" aria-label=\"La salle de bal\" role=\"img\" ><\/div>\n\t\t\t\t\t\t\t\t\t\t\t<div class=\"elementor-gallery-item__overlay\"><\/div>\n\t\t\t\t\t\t\t\t\t\t\t\t\t\t<\/a>\n\t\t\t\t\t\t\t<a class=\"e-gallery-item elementor-gallery-item elementor-animated-content\" href=\"https:\/\/lamallemaubeugeoise.fr\/wp-content\/uploads\/2023\/01\/STHRAU_Laconis-25-allegee.jpg\" data-elementor-open-lightbox=\"yes\" data-elementor-lightbox-slideshow=\"106297a\" data-elementor-lightbox-title=\"\u00a9 Thomas Laconis \/ Ville de Maubeuge\" data-e-action-hash=\"#elementor-action%3Aaction%3Dlightbox%26settings%3DeyJpZCI6MjgwOCwidXJsIjoiaHR0cHM6XC9cL2xhbWFsbGVtYXViZXVnZW9pc2UuZnJcL3dwLWNvbnRlbnRcL3VwbG9hZHNcLzIwMjNcLzAxXC9TVEhSQVVfTGFjb25pcy0yNS1hbGxlZ2VlLmpwZyIsInNsaWRlc2hvdyI6IjEwNjI5N2EifQ%3D%3D\">\n\t\t\t\t\t<div class=\"e-gallery-image elementor-gallery-item__image\" data-thumbnail=\"https:\/\/lamallemaubeugeoise.fr\/wp-content\/uploads\/2023\/01\/STHRAU_Laconis-25-allegee-1024x841.jpg\" data-width=\"580\" data-height=\"476\" aria-label=\"La salle de bal\" role=\"img\" ><\/div>\n\t\t\t\t\t\t\t\t\t\t\t<div class=\"elementor-gallery-item__overlay\"><\/div>\n\t\t\t\t\t\t\t\t\t\t\t\t\t\t<\/a>\n\t\t\t\t\t\t\t<a class=\"e-gallery-item elementor-gallery-item elementor-animated-content\" href=\"https:\/\/lamallemaubeugeoise.fr\/wp-content\/uploads\/2023\/01\/STHRAU_Laconis-26-allegee.jpg\" data-elementor-open-lightbox=\"yes\" data-elementor-lightbox-slideshow=\"106297a\" data-elementor-lightbox-title=\"\u00a9 Thomas Laconis \/ Ville de Maubeuge\" data-e-action-hash=\"#elementor-action%3Aaction%3Dlightbox%26settings%3DeyJpZCI6MjgwOSwidXJsIjoiaHR0cHM6XC9cL2xhbWFsbGVtYXViZXVnZW9pc2UuZnJcL3dwLWNvbnRlbnRcL3VwbG9hZHNcLzIwMjNcLzAxXC9TVEhSQVVfTGFjb25pcy0yNi1hbGxlZ2VlLmpwZyIsInNsaWRlc2hvdyI6IjEwNjI5N2EifQ%3D%3D\">\n\t\t\t\t\t<div class=\"e-gallery-image elementor-gallery-item__image\" data-thumbnail=\"https:\/\/lamallemaubeugeoise.fr\/wp-content\/uploads\/2023\/01\/STHRAU_Laconis-26-allegee-1024x703.jpg\" data-width=\"580\" data-height=\"398\" aria-label=\"La salle de bal\" role=\"img\" ><\/div>\n\t\t\t\t\t\t\t\t\t\t\t<div class=\"elementor-gallery-item__overlay\"><\/div>\n\t\t\t\t\t\t\t\t\t\t\t\t\t\t<\/a>\n\t\t\t\t\t\t\t<a class=\"e-gallery-item elementor-gallery-item elementor-animated-content\" href=\"https:\/\/lamallemaubeugeoise.fr\/wp-content\/uploads\/2023\/01\/STHRAU_Laconis-29-allegee.jpg\" data-elementor-open-lightbox=\"yes\" data-elementor-lightbox-slideshow=\"106297a\" data-elementor-lightbox-title=\"\u00a9 Thomas Laconis \/ Ville de Maubeuge\" data-e-action-hash=\"#elementor-action%3Aaction%3Dlightbox%26settings%3DeyJpZCI6MjgxMCwidXJsIjoiaHR0cHM6XC9cL2xhbWFsbGVtYXViZXVnZW9pc2UuZnJcL3dwLWNvbnRlbnRcL3VwbG9hZHNcLzIwMjNcLzAxXC9TVEhSQVVfTGFjb25pcy0yOS1hbGxlZ2VlLmpwZyIsInNsaWRlc2hvdyI6IjEwNjI5N2EifQ%3D%3D\">\n\t\t\t\t\t<div class=\"e-gallery-image elementor-gallery-item__image\" data-thumbnail=\"https:\/\/lamallemaubeugeoise.fr\/wp-content\/uploads\/2023\/01\/STHRAU_Laconis-29-allegee-1024x681.jpg\" data-width=\"580\" data-height=\"386\" aria-label=\"Fresque de la salle de bal\" role=\"img\" ><\/div>\n\t\t\t\t\t\t\t\t\t\t\t<div class=\"elementor-gallery-item__overlay\"><\/div>\n\t\t\t\t\t\t\t\t\t\t\t\t\t\t<\/a>\n\t\t\t\t\t\t\t<a class=\"e-gallery-item elementor-gallery-item elementor-animated-content\" href=\"https:\/\/lamallemaubeugeoise.fr\/wp-content\/uploads\/2023\/01\/STHRAU_Laconis-61-allegee.jpg\" data-elementor-open-lightbox=\"yes\" data-elementor-lightbox-slideshow=\"106297a\" data-elementor-lightbox-title=\"\u00a9 Thomas Laconis \/ Ville de Maubeuge\" data-e-action-hash=\"#elementor-action%3Aaction%3Dlightbox%26settings%3DeyJpZCI6MjgxMSwidXJsIjoiaHR0cHM6XC9cL2xhbWFsbGVtYXViZXVnZW9pc2UuZnJcL3dwLWNvbnRlbnRcL3VwbG9hZHNcLzIwMjNcLzAxXC9TVEhSQVVfTGFjb25pcy02MS1hbGxlZ2VlLmpwZyIsInNsaWRlc2hvdyI6IjEwNjI5N2EifQ%3D%3D\">\n\t\t\t\t\t<div class=\"e-gallery-image elementor-gallery-item__image\" data-thumbnail=\"https:\/\/lamallemaubeugeoise.fr\/wp-content\/uploads\/2023\/01\/STHRAU_Laconis-61-allegee-684x1024.jpg\" data-width=\"580\" data-height=\"868\" aria-label=\"\" role=\"img\" ><\/div>\n\t\t\t\t\t\t\t\t\t\t\t<div class=\"elementor-gallery-item__overlay\"><\/div>\n\t\t\t\t\t\t\t\t\t\t\t\t\t\t<\/a>\n\t\t\t\t\t\t\t<a class=\"e-gallery-item elementor-gallery-item elementor-animated-content\" href=\"https:\/\/lamallemaubeugeoise.fr\/wp-content\/uploads\/2023\/01\/STHRAU_Laconis-121-allegee.jpg\" data-elementor-open-lightbox=\"yes\" data-elementor-lightbox-slideshow=\"106297a\" data-elementor-lightbox-title=\"\u00a9 Thomas Laconis \/ Ville de Maubeuge\" data-e-action-hash=\"#elementor-action%3Aaction%3Dlightbox%26settings%3DeyJpZCI6MjgxMiwidXJsIjoiaHR0cHM6XC9cL2xhbWFsbGVtYXViZXVnZW9pc2UuZnJcL3dwLWNvbnRlbnRcL3VwbG9hZHNcLzIwMjNcLzAxXC9TVEhSQVVfTGFjb25pcy0xMjEtYWxsZWdlZS5qcGciLCJzbGlkZXNob3ciOiIxMDYyOTdhIn0%3D\">\n\t\t\t\t\t<div class=\"e-gallery-image elementor-gallery-item__image\" data-thumbnail=\"https:\/\/lamallemaubeugeoise.fr\/wp-content\/uploads\/2023\/01\/STHRAU_Laconis-121-allegee-1024x683.jpg\" data-width=\"580\" data-height=\"387\" aria-label=\"Restauration de l&#039;effet rocaille des murs de la salle de bal\" role=\"img\" ><\/div>\n\t\t\t\t\t\t\t\t\t\t\t<div class=\"elementor-gallery-item__overlay\"><\/div>\n\t\t\t\t\t\t\t\t\t\t\t\t\t\t<\/a>\n\t\t\t\t\t\t\t<a class=\"e-gallery-item elementor-gallery-item elementor-animated-content\" href=\"https:\/\/lamallemaubeugeoise.fr\/wp-content\/uploads\/2023\/01\/STHRAU_Laconis-122-allegee.jpg\" data-elementor-open-lightbox=\"yes\" data-elementor-lightbox-slideshow=\"106297a\" data-elementor-lightbox-title=\"\u00a9 Thomas Laconis \/ Ville de Maubeuge\" data-e-action-hash=\"#elementor-action%3Aaction%3Dlightbox%26settings%3DeyJpZCI6MjgxMywidXJsIjoiaHR0cHM6XC9cL2xhbWFsbGVtYXViZXVnZW9pc2UuZnJcL3dwLWNvbnRlbnRcL3VwbG9hZHNcLzIwMjNcLzAxXC9TVEhSQVVfTGFjb25pcy0xMjItYWxsZWdlZS5qcGciLCJzbGlkZXNob3ciOiIxMDYyOTdhIn0%3D\">\n\t\t\t\t\t<div class=\"e-gallery-image elementor-gallery-item__image\" data-thumbnail=\"https:\/\/lamallemaubeugeoise.fr\/wp-content\/uploads\/2023\/01\/STHRAU_Laconis-122-allegee-1024x683.jpg\" data-width=\"580\" data-height=\"387\" aria-label=\"Restauration des fresques de la salle de bal\" role=\"img\" ><\/div>\n\t\t\t\t\t\t\t\t\t\t\t<div class=\"elementor-gallery-item__overlay\"><\/div>\n\t\t\t\t\t\t\t\t\t\t\t\t\t\t<\/a>\n\t\t\t\t\t\t\t<a class=\"e-gallery-item elementor-gallery-item elementor-animated-content\" href=\"https:\/\/lamallemaubeugeoise.fr\/wp-content\/uploads\/2023\/01\/STHRAU_Laconis-142-allegee.jpg\" data-elementor-open-lightbox=\"yes\" data-elementor-lightbox-slideshow=\"106297a\" data-elementor-lightbox-title=\"\u00a9 Thomas Laconis \/ Ville de Maubeuge\" data-e-action-hash=\"#elementor-action%3Aaction%3Dlightbox%26settings%3DeyJpZCI6MjgxNCwidXJsIjoiaHR0cHM6XC9cL2xhbWFsbGVtYXViZXVnZW9pc2UuZnJcL3dwLWNvbnRlbnRcL3VwbG9hZHNcLzIwMjNcLzAxXC9TVEhSQVVfTGFjb25pcy0xNDItYWxsZWdlZS5qcGciLCJzbGlkZXNob3ciOiIxMDYyOTdhIn0%3D\">\n\t\t\t\t\t<div class=\"e-gallery-image elementor-gallery-item__image\" data-thumbnail=\"https:\/\/lamallemaubeugeoise.fr\/wp-content\/uploads\/2023\/01\/STHRAU_Laconis-142-allegee-683x1024.jpg\" data-width=\"580\" data-height=\"870\" aria-label=\"\" role=\"img\" ><\/div>\n\t\t\t\t\t\t\t\t\t\t\t<div class=\"elementor-gallery-item__overlay\"><\/div>\n\t\t\t\t\t\t\t\t\t\t\t\t\t\t<\/a>\n\t\t\t\t\t\t\t<a class=\"e-gallery-item elementor-gallery-item elementor-animated-content\" href=\"https:\/\/lamallemaubeugeoise.fr\/wp-content\/uploads\/2023\/01\/STHRAU_Laconis-144-allegee.jpg\" data-elementor-open-lightbox=\"yes\" data-elementor-lightbox-slideshow=\"106297a\" data-elementor-lightbox-title=\"\u00a9 Thomas Laconis \/ Ville de Maubeuge\" data-e-action-hash=\"#elementor-action%3Aaction%3Dlightbox%26settings%3DeyJpZCI6MjgxNSwidXJsIjoiaHR0cHM6XC9cL2xhbWFsbGVtYXViZXVnZW9pc2UuZnJcL3dwLWNvbnRlbnRcL3VwbG9hZHNcLzIwMjNcLzAxXC9TVEhSQVVfTGFjb25pcy0xNDQtYWxsZWdlZS5qcGciLCJzbGlkZXNob3ciOiIxMDYyOTdhIn0%3D\">\n\t\t\t\t\t<div class=\"e-gallery-image elementor-gallery-item__image\" data-thumbnail=\"https:\/\/lamallemaubeugeoise.fr\/wp-content\/uploads\/2023\/01\/STHRAU_Laconis-144-allegee-683x1024.jpg\" data-width=\"580\" data-height=\"870\" aria-label=\"Porte d&#039;entr\u00e9e de la salle Sthrau\" role=\"img\" ><\/div>\n\t\t\t\t\t\t\t\t\t\t\t<div class=\"elementor-gallery-item__overlay\"><\/div>\n\t\t\t\t\t\t\t\t\t\t\t\t\t\t<\/a>\n\t\t\t\t\t\t\t<a class=\"e-gallery-item elementor-gallery-item elementor-animated-content\" href=\"https:\/\/lamallemaubeugeoise.fr\/wp-content\/uploads\/2023\/01\/STHRAU_Laconis-153-allegee.jpg\" data-elementor-open-lightbox=\"yes\" data-elementor-lightbox-slideshow=\"106297a\" data-elementor-lightbox-title=\"\u00a9 Thomas Laconis \/ Ville de Maubeuge\" data-e-action-hash=\"#elementor-action%3Aaction%3Dlightbox%26settings%3DeyJpZCI6MjgxNiwidXJsIjoiaHR0cHM6XC9cL2xhbWFsbGVtYXViZXVnZW9pc2UuZnJcL3dwLWNvbnRlbnRcL3VwbG9hZHNcLzIwMjNcLzAxXC9TVEhSQVVfTGFjb25pcy0xNTMtYWxsZWdlZS5qcGciLCJzbGlkZXNob3ciOiIxMDYyOTdhIn0%3D\">\n\t\t\t\t\t<div class=\"e-gallery-image elementor-gallery-item__image\" data-thumbnail=\"https:\/\/lamallemaubeugeoise.fr\/wp-content\/uploads\/2023\/01\/STHRAU_Laconis-153-allegee-1024x683.jpg\" data-width=\"580\" data-height=\"387\" aria-label=\"Escalier tournant \u00e0 double vol\u00e9e sym\u00e9trique\" role=\"img\" ><\/div>\n\t\t\t\t\t\t\t\t\t\t\t<div class=\"elementor-gallery-item__overlay\"><\/div>\n\t\t\t\t\t\t\t\t\t\t\t\t\t\t<\/a>\n\t\t\t\t\t<\/div>\n\t\t\t\t\t<\/div>\n\t\t\t\t<\/div>\n\t\t\t\t\t<\/div>\n\t\t<\/div>\n\t\t\t\t\t<\/div>\n\t\t<\/section>\n\t\t\t\t<\/div>\n\t\t","protected":false},"excerpt":{"rendered":"<p>4, rue Georges Paillot, Maubeuge La salle Sthrau, le renouveau de l&rsquo;Art d\u00e9co !&nbsp; Edifi\u00e9e en 1624, la salle Sthrau \u00e9tait \u00e0 l\u2019origine la chapelle de l\u2019ancien coll\u00e8ge des J\u00e9suites. Elle servait de lieu de culte aux religieux \u00e9tablis dans le coll\u00e8ge voisin. Elle est par la suite d\u00e9sacralis\u00e9e durant la R\u00e9volution fran\u00e7aise et est [&hellip;]<\/p>\n","protected":false},"author":1,"featured_media":687,"comment_status":"open","ping_status":"open","sticky":false,"template":"","format":"standard","meta":{"footnotes":""},"categories":[39],"tags":[40],"class_list":["post-1384","post","type-post","status-publish","format-standard","has-post-thumbnail","hentry","category-patrimoine","tag-art-deco"],"yoast_head":"<!-- This site is optimized with the Yoast SEO plugin v27.2 - https:\/\/yoast.com\/product\/yoast-seo-wordpress\/ -->\n<title>La malle maubeugeoise - Salle Sthrau<\/title>\n<meta name=\"description\" content=\"\u00c9difi\u00e9e en 1624, la salle Sthrau \u00e9tait \u00e0 l&#039;origine la chapelle de l&#039;ancien coll\u00e8ge des J\u00e9suites. En savoir plus...\" \/>\n<meta name=\"robots\" content=\"index, follow, max-snippet:-1, max-image-preview:large, max-video-preview:-1\" \/>\n<link rel=\"canonical\" href=\"https:\/\/lamallemaubeugeoise.fr\/index.php\/2022\/11\/06\/salle-sthrau\/\" \/>\n<meta property=\"og:locale\" content=\"fr_FR\" \/>\n<meta property=\"og:type\" content=\"article\" \/>\n<meta property=\"og:title\" content=\"La malle maubeugeoise - Salle Sthrau\" \/>\n<meta property=\"og:description\" content=\"\u00c9difi\u00e9e en 1624, la salle Sthrau \u00e9tait \u00e0 l&#039;origine la chapelle de l&#039;ancien coll\u00e8ge des J\u00e9suites. En savoir plus...\" \/>\n<meta property=\"og:url\" content=\"https:\/\/lamallemaubeugeoise.fr\/index.php\/2022\/11\/06\/salle-sthrau\/\" \/>\n<meta property=\"og:site_name\" content=\"La Malle maubeugeoise\" \/>\n<meta property=\"article:publisher\" content=\"https:\/\/www.facebook.com\/VilledeMaubeuge\" \/>\n<meta property=\"article:published_time\" content=\"2022-11-06T17:47:42+00:00\" \/>\n<meta property=\"article:modified_time\" content=\"2023-01-24T09:22:35+00:00\" \/>\n<meta property=\"og:image\" content=\"https:\/\/lamallemaubeugeoise.fr\/wp-content\/uploads\/2022\/10\/SALLE-STHRAU_18-Redimensionnee-scaled.jpg\" \/>\n\t<meta property=\"og:image:width\" content=\"1707\" \/>\n\t<meta property=\"og:image:height\" content=\"2560\" \/>\n\t<meta property=\"og:image:type\" content=\"image\/jpeg\" \/>\n<meta name=\"author\" content=\"admin\" \/>\n<meta name=\"twitter:card\" content=\"summary_large_image\" \/>\n<meta name=\"twitter:creator\" content=\"@VilleMaubeuge\" \/>\n<meta name=\"twitter:site\" content=\"@VilleMaubeuge\" \/>\n<meta name=\"twitter:label1\" content=\"\u00c9crit par\" \/>\n\t<meta name=\"twitter:data1\" content=\"admin\" \/>\n\t<meta name=\"twitter:label2\" content=\"Dur\u00e9e de lecture estim\u00e9e\" \/>\n\t<meta name=\"twitter:data2\" content=\"4 minutes\" \/>\n<script type=\"application\/ld+json\" class=\"yoast-schema-graph\">{\"@context\":\"https:\/\/schema.org\",\"@graph\":[{\"@type\":\"Article\",\"@id\":\"https:\/\/lamallemaubeugeoise.fr\/index.php\/2022\/11\/06\/salle-sthrau\/#article\",\"isPartOf\":{\"@id\":\"https:\/\/lamallemaubeugeoise.fr\/index.php\/2022\/11\/06\/salle-sthrau\/\"},\"author\":{\"name\":\"admin\",\"@id\":\"https:\/\/lamallemaubeugeoise.fr\/#\/schema\/person\/c85f1f679814a3351ebe6f86d26e43cf\"},\"headline\":\"Salle Sthrau\",\"datePublished\":\"2022-11-06T17:47:42+00:00\",\"dateModified\":\"2023-01-24T09:22:35+00:00\",\"mainEntityOfPage\":{\"@id\":\"https:\/\/lamallemaubeugeoise.fr\/index.php\/2022\/11\/06\/salle-sthrau\/\"},\"wordCount\":746,\"commentCount\":0,\"publisher\":{\"@id\":\"https:\/\/lamallemaubeugeoise.fr\/#organization\"},\"image\":{\"@id\":\"https:\/\/lamallemaubeugeoise.fr\/index.php\/2022\/11\/06\/salle-sthrau\/#primaryimage\"},\"thumbnailUrl\":\"https:\/\/lamallemaubeugeoise.fr\/wp-content\/uploads\/2022\/10\/SALLE-STHRAU_18-Redimensionnee-scaled.jpg\",\"keywords\":[\"art d\u00e9co\"],\"articleSection\":[\"Patrimoine\"],\"inLanguage\":\"fr-FR\",\"potentialAction\":[{\"@type\":\"CommentAction\",\"name\":\"Comment\",\"target\":[\"https:\/\/lamallemaubeugeoise.fr\/index.php\/2022\/11\/06\/salle-sthrau\/#respond\"]}]},{\"@type\":\"WebPage\",\"@id\":\"https:\/\/lamallemaubeugeoise.fr\/index.php\/2022\/11\/06\/salle-sthrau\/\",\"url\":\"https:\/\/lamallemaubeugeoise.fr\/index.php\/2022\/11\/06\/salle-sthrau\/\",\"name\":\"La malle maubeugeoise - Salle Sthrau\",\"isPartOf\":{\"@id\":\"https:\/\/lamallemaubeugeoise.fr\/#website\"},\"primaryImageOfPage\":{\"@id\":\"https:\/\/lamallemaubeugeoise.fr\/index.php\/2022\/11\/06\/salle-sthrau\/#primaryimage\"},\"image\":{\"@id\":\"https:\/\/lamallemaubeugeoise.fr\/index.php\/2022\/11\/06\/salle-sthrau\/#primaryimage\"},\"thumbnailUrl\":\"https:\/\/lamallemaubeugeoise.fr\/wp-content\/uploads\/2022\/10\/SALLE-STHRAU_18-Redimensionnee-scaled.jpg\",\"datePublished\":\"2022-11-06T17:47:42+00:00\",\"dateModified\":\"2023-01-24T09:22:35+00:00\",\"description\":\"\u00c9difi\u00e9e en 1624, la salle Sthrau \u00e9tait \u00e0 l'origine la chapelle de l'ancien coll\u00e8ge des J\u00e9suites. En savoir plus...\",\"breadcrumb\":{\"@id\":\"https:\/\/lamallemaubeugeoise.fr\/index.php\/2022\/11\/06\/salle-sthrau\/#breadcrumb\"},\"inLanguage\":\"fr-FR\",\"potentialAction\":[{\"@type\":\"ReadAction\",\"target\":[\"https:\/\/lamallemaubeugeoise.fr\/index.php\/2022\/11\/06\/salle-sthrau\/\"]}]},{\"@type\":\"ImageObject\",\"inLanguage\":\"fr-FR\",\"@id\":\"https:\/\/lamallemaubeugeoise.fr\/index.php\/2022\/11\/06\/salle-sthrau\/#primaryimage\",\"url\":\"https:\/\/lamallemaubeugeoise.fr\/wp-content\/uploads\/2022\/10\/SALLE-STHRAU_18-Redimensionnee-scaled.jpg\",\"contentUrl\":\"https:\/\/lamallemaubeugeoise.fr\/wp-content\/uploads\/2022\/10\/SALLE-STHRAU_18-Redimensionnee-scaled.jpg\",\"width\":1707,\"height\":2560,\"caption\":\"\u00a9Franck Boucourt\/ Ville de Maubeuge\"},{\"@type\":\"BreadcrumbList\",\"@id\":\"https:\/\/lamallemaubeugeoise.fr\/index.php\/2022\/11\/06\/salle-sthrau\/#breadcrumb\",\"itemListElement\":[{\"@type\":\"ListItem\",\"position\":1,\"name\":\"Accueil\",\"item\":\"https:\/\/lamallemaubeugeoise.fr\/\"},{\"@type\":\"ListItem\",\"position\":2,\"name\":\"Salle Sthrau\"}]},{\"@type\":\"WebSite\",\"@id\":\"https:\/\/lamallemaubeugeoise.fr\/#website\",\"url\":\"https:\/\/lamallemaubeugeoise.fr\/\",\"name\":\"La Malle maubeugeoise\",\"description\":\"\",\"publisher\":{\"@id\":\"https:\/\/lamallemaubeugeoise.fr\/#organization\"},\"potentialAction\":[{\"@type\":\"SearchAction\",\"target\":{\"@type\":\"EntryPoint\",\"urlTemplate\":\"https:\/\/lamallemaubeugeoise.fr\/?s={search_term_string}\"},\"query-input\":{\"@type\":\"PropertyValueSpecification\",\"valueRequired\":true,\"valueName\":\"search_term_string\"}}],\"inLanguage\":\"fr-FR\"},{\"@type\":\"Organization\",\"@id\":\"https:\/\/lamallemaubeugeoise.fr\/#organization\",\"name\":\"La Malle maubeugeoise\",\"url\":\"https:\/\/lamallemaubeugeoise.fr\/\",\"logo\":{\"@type\":\"ImageObject\",\"inLanguage\":\"fr-FR\",\"@id\":\"https:\/\/lamallemaubeugeoise.fr\/#\/schema\/logo\/image\/\",\"url\":\"https:\/\/lamallemaubeugeoise.fr\/wp-content\/uploads\/2022\/09\/logo_culture.png\",\"contentUrl\":\"https:\/\/lamallemaubeugeoise.fr\/wp-content\/uploads\/2022\/09\/logo_culture.png\",\"width\":500,\"height\":270,\"caption\":\"La Malle maubeugeoise\"},\"image\":{\"@id\":\"https:\/\/lamallemaubeugeoise.fr\/#\/schema\/logo\/image\/\"},\"sameAs\":[\"https:\/\/www.facebook.com\/VilledeMaubeuge\",\"https:\/\/x.com\/VilleMaubeuge\",\"https:\/\/www.instagram.com\/villedemaubeuge\/\",\"https:\/\/www.linkedin.com\/company\/42902618\/admin\/\",\"https:\/\/www.youtube.com\/channel\/UCqOferEXg9bqKz_6mzrxN4w\",\"https:\/\/t.me\/villeMaubeuge\"]},{\"@type\":\"Person\",\"@id\":\"https:\/\/lamallemaubeugeoise.fr\/#\/schema\/person\/c85f1f679814a3351ebe6f86d26e43cf\",\"name\":\"admin\",\"image\":{\"@type\":\"ImageObject\",\"inLanguage\":\"fr-FR\",\"@id\":\"https:\/\/secure.gravatar.com\/avatar\/5d6e3987e8e25a315d682f5d3c630367068e3c5a02db59772df55f9ef37cf710?s=96&d=mm&r=g\",\"url\":\"https:\/\/secure.gravatar.com\/avatar\/5d6e3987e8e25a315d682f5d3c630367068e3c5a02db59772df55f9ef37cf710?s=96&d=mm&r=g\",\"contentUrl\":\"https:\/\/secure.gravatar.com\/avatar\/5d6e3987e8e25a315d682f5d3c630367068e3c5a02db59772df55f9ef37cf710?s=96&d=mm&r=g\",\"caption\":\"admin\"},\"sameAs\":[\"https:\/\/lamallemaubeugeoise.fr\"],\"url\":\"https:\/\/lamallemaubeugeoise.fr\/index.php\/author\/martial\/\"}]}<\/script>\n<!-- \/ Yoast SEO plugin. -->","yoast_head_json":{"title":"La malle maubeugeoise - Salle Sthrau","description":"\u00c9difi\u00e9e en 1624, la salle Sthrau \u00e9tait \u00e0 l'origine la chapelle de l'ancien coll\u00e8ge des J\u00e9suites. En savoir plus...","robots":{"index":"index","follow":"follow","max-snippet":"max-snippet:-1","max-image-preview":"max-image-preview:large","max-video-preview":"max-video-preview:-1"},"canonical":"https:\/\/lamallemaubeugeoise.fr\/index.php\/2022\/11\/06\/salle-sthrau\/","og_locale":"fr_FR","og_type":"article","og_title":"La malle maubeugeoise - Salle Sthrau","og_description":"\u00c9difi\u00e9e en 1624, la salle Sthrau \u00e9tait \u00e0 l'origine la chapelle de l'ancien coll\u00e8ge des J\u00e9suites. En savoir plus...","og_url":"https:\/\/lamallemaubeugeoise.fr\/index.php\/2022\/11\/06\/salle-sthrau\/","og_site_name":"La Malle maubeugeoise","article_publisher":"https:\/\/www.facebook.com\/VilledeMaubeuge","article_published_time":"2022-11-06T17:47:42+00:00","article_modified_time":"2023-01-24T09:22:35+00:00","og_image":[{"width":1707,"height":2560,"url":"https:\/\/lamallemaubeugeoise.fr\/wp-content\/uploads\/2022\/10\/SALLE-STHRAU_18-Redimensionnee-scaled.jpg","type":"image\/jpeg"}],"author":"admin","twitter_card":"summary_large_image","twitter_creator":"@VilleMaubeuge","twitter_site":"@VilleMaubeuge","twitter_misc":{"\u00c9crit par":"admin","Dur\u00e9e de lecture estim\u00e9e":"4 minutes"},"schema":{"@context":"https:\/\/schema.org","@graph":[{"@type":"Article","@id":"https:\/\/lamallemaubeugeoise.fr\/index.php\/2022\/11\/06\/salle-sthrau\/#article","isPartOf":{"@id":"https:\/\/lamallemaubeugeoise.fr\/index.php\/2022\/11\/06\/salle-sthrau\/"},"author":{"name":"admin","@id":"https:\/\/lamallemaubeugeoise.fr\/#\/schema\/person\/c85f1f679814a3351ebe6f86d26e43cf"},"headline":"Salle Sthrau","datePublished":"2022-11-06T17:47:42+00:00","dateModified":"2023-01-24T09:22:35+00:00","mainEntityOfPage":{"@id":"https:\/\/lamallemaubeugeoise.fr\/index.php\/2022\/11\/06\/salle-sthrau\/"},"wordCount":746,"commentCount":0,"publisher":{"@id":"https:\/\/lamallemaubeugeoise.fr\/#organization"},"image":{"@id":"https:\/\/lamallemaubeugeoise.fr\/index.php\/2022\/11\/06\/salle-sthrau\/#primaryimage"},"thumbnailUrl":"https:\/\/lamallemaubeugeoise.fr\/wp-content\/uploads\/2022\/10\/SALLE-STHRAU_18-Redimensionnee-scaled.jpg","keywords":["art d\u00e9co"],"articleSection":["Patrimoine"],"inLanguage":"fr-FR","potentialAction":[{"@type":"CommentAction","name":"Comment","target":["https:\/\/lamallemaubeugeoise.fr\/index.php\/2022\/11\/06\/salle-sthrau\/#respond"]}]},{"@type":"WebPage","@id":"https:\/\/lamallemaubeugeoise.fr\/index.php\/2022\/11\/06\/salle-sthrau\/","url":"https:\/\/lamallemaubeugeoise.fr\/index.php\/2022\/11\/06\/salle-sthrau\/","name":"La malle maubeugeoise - Salle Sthrau","isPartOf":{"@id":"https:\/\/lamallemaubeugeoise.fr\/#website"},"primaryImageOfPage":{"@id":"https:\/\/lamallemaubeugeoise.fr\/index.php\/2022\/11\/06\/salle-sthrau\/#primaryimage"},"image":{"@id":"https:\/\/lamallemaubeugeoise.fr\/index.php\/2022\/11\/06\/salle-sthrau\/#primaryimage"},"thumbnailUrl":"https:\/\/lamallemaubeugeoise.fr\/wp-content\/uploads\/2022\/10\/SALLE-STHRAU_18-Redimensionnee-scaled.jpg","datePublished":"2022-11-06T17:47:42+00:00","dateModified":"2023-01-24T09:22:35+00:00","description":"\u00c9difi\u00e9e en 1624, la salle Sthrau \u00e9tait \u00e0 l'origine la chapelle de l'ancien coll\u00e8ge des J\u00e9suites. En savoir plus...","breadcrumb":{"@id":"https:\/\/lamallemaubeugeoise.fr\/index.php\/2022\/11\/06\/salle-sthrau\/#breadcrumb"},"inLanguage":"fr-FR","potentialAction":[{"@type":"ReadAction","target":["https:\/\/lamallemaubeugeoise.fr\/index.php\/2022\/11\/06\/salle-sthrau\/"]}]},{"@type":"ImageObject","inLanguage":"fr-FR","@id":"https:\/\/lamallemaubeugeoise.fr\/index.php\/2022\/11\/06\/salle-sthrau\/#primaryimage","url":"https:\/\/lamallemaubeugeoise.fr\/wp-content\/uploads\/2022\/10\/SALLE-STHRAU_18-Redimensionnee-scaled.jpg","contentUrl":"https:\/\/lamallemaubeugeoise.fr\/wp-content\/uploads\/2022\/10\/SALLE-STHRAU_18-Redimensionnee-scaled.jpg","width":1707,"height":2560,"caption":"\u00a9Franck Boucourt\/ Ville de Maubeuge"},{"@type":"BreadcrumbList","@id":"https:\/\/lamallemaubeugeoise.fr\/index.php\/2022\/11\/06\/salle-sthrau\/#breadcrumb","itemListElement":[{"@type":"ListItem","position":1,"name":"Accueil","item":"https:\/\/lamallemaubeugeoise.fr\/"},{"@type":"ListItem","position":2,"name":"Salle Sthrau"}]},{"@type":"WebSite","@id":"https:\/\/lamallemaubeugeoise.fr\/#website","url":"https:\/\/lamallemaubeugeoise.fr\/","name":"La Malle maubeugeoise","description":"","publisher":{"@id":"https:\/\/lamallemaubeugeoise.fr\/#organization"},"potentialAction":[{"@type":"SearchAction","target":{"@type":"EntryPoint","urlTemplate":"https:\/\/lamallemaubeugeoise.fr\/?s={search_term_string}"},"query-input":{"@type":"PropertyValueSpecification","valueRequired":true,"valueName":"search_term_string"}}],"inLanguage":"fr-FR"},{"@type":"Organization","@id":"https:\/\/lamallemaubeugeoise.fr\/#organization","name":"La Malle maubeugeoise","url":"https:\/\/lamallemaubeugeoise.fr\/","logo":{"@type":"ImageObject","inLanguage":"fr-FR","@id":"https:\/\/lamallemaubeugeoise.fr\/#\/schema\/logo\/image\/","url":"https:\/\/lamallemaubeugeoise.fr\/wp-content\/uploads\/2022\/09\/logo_culture.png","contentUrl":"https:\/\/lamallemaubeugeoise.fr\/wp-content\/uploads\/2022\/09\/logo_culture.png","width":500,"height":270,"caption":"La Malle maubeugeoise"},"image":{"@id":"https:\/\/lamallemaubeugeoise.fr\/#\/schema\/logo\/image\/"},"sameAs":["https:\/\/www.facebook.com\/VilledeMaubeuge","https:\/\/x.com\/VilleMaubeuge","https:\/\/www.instagram.com\/villedemaubeuge\/","https:\/\/www.linkedin.com\/company\/42902618\/admin\/","https:\/\/www.youtube.com\/channel\/UCqOferEXg9bqKz_6mzrxN4w","https:\/\/t.me\/villeMaubeuge"]},{"@type":"Person","@id":"https:\/\/lamallemaubeugeoise.fr\/#\/schema\/person\/c85f1f679814a3351ebe6f86d26e43cf","name":"admin","image":{"@type":"ImageObject","inLanguage":"fr-FR","@id":"https:\/\/secure.gravatar.com\/avatar\/5d6e3987e8e25a315d682f5d3c630367068e3c5a02db59772df55f9ef37cf710?s=96&d=mm&r=g","url":"https:\/\/secure.gravatar.com\/avatar\/5d6e3987e8e25a315d682f5d3c630367068e3c5a02db59772df55f9ef37cf710?s=96&d=mm&r=g","contentUrl":"https:\/\/secure.gravatar.com\/avatar\/5d6e3987e8e25a315d682f5d3c630367068e3c5a02db59772df55f9ef37cf710?s=96&d=mm&r=g","caption":"admin"},"sameAs":["https:\/\/lamallemaubeugeoise.fr"],"url":"https:\/\/lamallemaubeugeoise.fr\/index.php\/author\/martial\/"}]}},"_links":{"self":[{"href":"https:\/\/lamallemaubeugeoise.fr\/index.php\/wp-json\/wp\/v2\/posts\/1384","targetHints":{"allow":["GET"]}}],"collection":[{"href":"https:\/\/lamallemaubeugeoise.fr\/index.php\/wp-json\/wp\/v2\/posts"}],"about":[{"href":"https:\/\/lamallemaubeugeoise.fr\/index.php\/wp-json\/wp\/v2\/types\/post"}],"author":[{"embeddable":true,"href":"https:\/\/lamallemaubeugeoise.fr\/index.php\/wp-json\/wp\/v2\/users\/1"}],"replies":[{"embeddable":true,"href":"https:\/\/lamallemaubeugeoise.fr\/index.php\/wp-json\/wp\/v2\/comments?post=1384"}],"version-history":[{"count":44,"href":"https:\/\/lamallemaubeugeoise.fr\/index.php\/wp-json\/wp\/v2\/posts\/1384\/revisions"}],"predecessor-version":[{"id":2819,"href":"https:\/\/lamallemaubeugeoise.fr\/index.php\/wp-json\/wp\/v2\/posts\/1384\/revisions\/2819"}],"wp:featuredmedia":[{"embeddable":true,"href":"https:\/\/lamallemaubeugeoise.fr\/index.php\/wp-json\/wp\/v2\/media\/687"}],"wp:attachment":[{"href":"https:\/\/lamallemaubeugeoise.fr\/index.php\/wp-json\/wp\/v2\/media?parent=1384"}],"wp:term":[{"taxonomy":"category","embeddable":true,"href":"https:\/\/lamallemaubeugeoise.fr\/index.php\/wp-json\/wp\/v2\/categories?post=1384"},{"taxonomy":"post_tag","embeddable":true,"href":"https:\/\/lamallemaubeugeoise.fr\/index.php\/wp-json\/wp\/v2\/tags?post=1384"}],"curies":[{"name":"wp","href":"https:\/\/api.w.org\/{rel}","templated":true}]}}