{"id":1620,"date":"2022-11-08T16:09:54","date_gmt":"2022-11-08T16:09:54","guid":{"rendered":"https:\/\/lamallemaubeugeoise.fr\/?p=1620"},"modified":"2023-01-25T10:39:05","modified_gmt":"2023-01-25T09:39:05","slug":"caf-cpam","status":"publish","type":"post","link":"https:\/\/lamallemaubeugeoise.fr\/index.php\/2022\/11\/08\/caf-cpam\/","title":{"rendered":"CAF-CPAM"},"content":{"rendered":"\t\t<div data-elementor-type=\"wp-post\" data-elementor-id=\"1620\" class=\"elementor elementor-1620\" data-elementor-post-type=\"post\">\n\t\t\t\t\t\t<section class=\"elementor-section elementor-top-section elementor-element elementor-element-77adc4a5 elementor-section-boxed elementor-section-height-default elementor-section-height-default\" data-id=\"77adc4a5\" data-element_type=\"section\" data-e-type=\"section\">\n\t\t\t\t\t\t<div class=\"elementor-container elementor-column-gap-default\">\n\t\t\t\t\t<div class=\"elementor-column elementor-col-100 elementor-top-column elementor-element elementor-element-974b46\" data-id=\"974b46\" data-element_type=\"column\" data-e-type=\"column\">\n\t\t\t<div class=\"elementor-widget-wrap elementor-element-populated\">\n\t\t\t\t\t\t<div class=\"elementor-element elementor-element-77d97bf9 elementor-widget elementor-widget-text-editor\" data-id=\"77d97bf9\" data-element_type=\"widget\" data-e-type=\"widget\" data-widget_type=\"text-editor.default\">\n\t\t\t\t<div class=\"elementor-widget-container\">\n\t\t\t\t\t\t\t\t\t<p>Place de Wattignies, Maubeuge<\/p><p style=\"margin-bottom: 0cm; line-height: normal;\">Construit entre 1961 et 1964, le b\u00e2timent de la CAF\/CPAM est le seul b\u00e2timent public construit par l&rsquo;architecte Andr\u00e9 Lur\u00e7at, \u00e0 la suite des deux refus dont ont fait l&rsquo;objet ses projets d&rsquo;h\u00f4tel de ville.<\/p><p style=\"margin-bottom: 0cm; line-height: normal;\">Une horizontalit\u00e9 affirm\u00e9e entre en r\u00e9sonnance avec le souhait d&rsquo;Andr\u00e9 Lur\u00e7at : celui de ne pas cr\u00e9er de hi\u00e9rarchie sociale, laquelle s&rsquo;illustrerait selon lui au sein des \u00e9tages pr\u00e9sents dans un immeuble. Cette \u00ab\u00a0plan\u00e9it\u00e9\u00a0\u00bb souhait\u00e9e par l&rsquo;architecte se refl\u00e8te \u00e9galement dans le fait d&rsquo;avoir aplani les diff\u00e9rences de niveaux entre la ville \u00ab\u00a0haute\u00a0\u00bb et la ville \u00ab\u00a0basse\u00a0\u00bb. Il cherche ainsi \u00e0 effacer les diff\u00e9rents zonages urbains : le centre-ville et ses p\u00e9riph\u00e9ries. En cherchant \u00e0 unifier la ville enti\u00e8re, il cr\u00e9e de longues avenues sur lesquelles s&rsquo;implantent habitations et commerces.<\/p><p style=\"margin-bottom: 0cm; line-height: normal;\">\u00a0<\/p><p style=\"margin-bottom: 0cm; line-height: normal;\">L&rsquo;\u00e9tude du b\u00e2timent de la CAF\/CPAM est \u00e0 cet \u00e9gard tout \u00e0 fait significatif : Lur\u00e7at met en application ces principes gr\u00e2ce \u00e0 une horizontalit\u00e9 forte et affirm\u00e9e. En outre, ces choix architecturaux se confrontent directement \u00e0 la r\u00e9alisation de l&rsquo;H\u00f4tel de Ville con\u00e7u par les architectes Gaillard et Corbeaux. Ces derniers ont pr\u00e9f\u00e9r\u00e9 opter pour une verticalit\u00e9 affirm\u00e9e avec les huit \u00e9tages du b\u00e2timent. Il s&rsquo;agit l\u00e0 de deux visions, de deux perceptions de l&rsquo;architecture moderne.<br \/>Mais, si Lur\u00e7at retient l&rsquo;horizontalit\u00e9 dans ses ouvrages, il ne s&rsquo;agit en rien de plan\u00e9it\u00e9 : l&rsquo;on retrouve un v\u00e9ritable dynamisme dans son architecture, lequel est notamment rendu par l&rsquo;agencement des volumes du b\u00e2timent et ses larges baies vitr\u00e9es qui offrent une v\u00e9ritable ouverture sur la ville.<\/p><p style=\"margin-bottom: 0cm; line-height: normal;\">\u00a0<\/p><p style=\"margin-bottom: 0cm; line-height: normal;\">Cette ouverture, tant au sens litt\u00e9ral qu&rsquo;au sens figur\u00e9, est une caract\u00e9ristique essentielle de la ville reconstruite. En cela, le jardin pr\u00e9sent \u00e0 l&rsquo;arri\u00e8re du b\u00e2timent vient \u00e9tayer ce principe d&rsquo;ouverture. Andr\u00e9 Lur\u00e7at voyait dans son travail le moyen de pr\u00e9server le bien-\u00eatre et la sant\u00e9 des travailleurs.<\/p><p style=\"margin-bottom: 12.0pt; line-height: normal;\">L&rsquo;\u00e9difice a \u00e9t\u00e9 occup\u00e9 par la CAF\/CPAM jusqu&rsquo;en 2016. Aujourd&rsquo;hui, le b\u00e2timent est au c\u0153ur d&rsquo;un projet d&rsquo;envergure port\u00e9 par la Ville de Maubeuge. Il accueillera bient\u00f4t la Maison de la Culture et de l&rsquo;Education. Ce tiers-lieu regroupera la M\u00e9diath\u00e8que municipale et le mus\u00e9e Henri Bo\u00ebz et permettra la cr\u00e9ation d&rsquo;un lieu propice \u00e0 l&rsquo;ouverture et \u00e0 l&rsquo;\u00e9mancipation culturelle.<\/p><p style=\"margin-bottom: 0cm; line-height: normal;\"><b>Andr\u00e9 Lur\u00e7at<\/b> est n\u00e9 le 27 ao\u00fbt 1894 et d\u00e9c\u00e8de le 11 juillet 1970. En 1911, il entre \u00e0 l&rsquo;Ecole des beaux-arts de Nancy et obtient son dipl\u00f4me \u00e0 l&rsquo;Ecole des beaux-arts de Paris en 1923. Il fonde les Congr\u00e8s internationaux d&rsquo;architecture moderne (CIAM). En 1933, il \u00e9difie \u00e0 Villejuif le groupe scolaire Karl-Marx. Apr\u00e8s la Seconde Guerre mondiale, il est nomm\u00e9 urbaniste et architecte en chef de la <a href=\"https:\/\/lamallemaubeugeoise.fr\/index.php\/patrimoine\/la-seconde-reconstruction-maubeuge\/\">Reconstruction de Maubeuge<\/a>.\u00a0<\/p>\t\t\t\t\t\t\t\t<\/div>\n\t\t\t\t<\/div>\n\t\t\t\t\t<\/div>\n\t\t<\/div>\n\t\t\t\t\t<\/div>\n\t\t<\/section>\n\t\t\t\t<section class=\"elementor-section elementor-top-section elementor-element elementor-element-bdae49e elementor-section-boxed elementor-section-height-default elementor-section-height-default\" data-id=\"bdae49e\" data-element_type=\"section\" data-e-type=\"section\">\n\t\t\t\t\t\t<div class=\"elementor-container elementor-column-gap-default\">\n\t\t\t\t\t<div class=\"elementor-column elementor-col-100 elementor-top-column elementor-element elementor-element-98e22b1\" data-id=\"98e22b1\" data-element_type=\"column\" data-e-type=\"column\">\n\t\t\t<div class=\"elementor-widget-wrap elementor-element-populated\">\n\t\t\t\t\t\t\t<\/div>\n\t\t<\/div>\n\t\t\t\t\t<\/div>\n\t\t<\/section>\n\t\t\t\t<\/div>\n\t\t","protected":false},"excerpt":{"rendered":"<p>Place de Wattignies, Maubeuge Construit entre 1961 et 1964, le b\u00e2timent de la CAF\/CPAM est le seul b\u00e2timent public construit par l&rsquo;architecte Andr\u00e9 Lur\u00e7at, \u00e0 la suite des deux refus dont ont fait l&rsquo;objet ses projets d&rsquo;h\u00f4tel de ville. Une horizontalit\u00e9 affirm\u00e9e entre en r\u00e9sonnance avec le souhait d&rsquo;Andr\u00e9 Lur\u00e7at : celui de ne pas [&hellip;]<\/p>\n","protected":false},"author":1,"featured_media":557,"comment_status":"open","ping_status":"open","sticky":false,"template":"","format":"standard","meta":{"footnotes":""},"categories":[39],"tags":[42],"class_list":["post-1620","post","type-post","status-publish","format-standard","has-post-thumbnail","hentry","category-patrimoine","tag-seconde-reconstruction"],"yoast_head":"<!-- This site is optimized with the Yoast SEO plugin v27.2 - https:\/\/yoast.com\/product\/yoast-seo-wordpress\/ -->\n<title>La malle maubeugeoise - CAF - CPAM<\/title>\n<meta name=\"description\" content=\"Construit entre 1961 et 1964, le b\u00e2timent de la CAF\/CPAM est le seul b\u00e2timent public construit par l&#039;architecte Andr\u00e9 Lur\u00e7at. En savoir plus...\" \/>\n<meta name=\"robots\" content=\"index, follow, max-snippet:-1, max-image-preview:large, max-video-preview:-1\" \/>\n<link rel=\"canonical\" href=\"https:\/\/lamallemaubeugeoise.fr\/index.php\/2022\/11\/08\/caf-cpam\/\" \/>\n<meta property=\"og:locale\" content=\"fr_FR\" \/>\n<meta property=\"og:type\" content=\"article\" \/>\n<meta property=\"og:title\" content=\"La malle maubeugeoise - CAF - CPAM\" \/>\n<meta property=\"og:description\" content=\"Construit entre 1961 et 1964, le b\u00e2timent de la CAF\/CPAM est le seul b\u00e2timent public construit par l&#039;architecte Andr\u00e9 Lur\u00e7at. En savoir plus...\" \/>\n<meta property=\"og:url\" content=\"https:\/\/lamallemaubeugeoise.fr\/index.php\/2022\/11\/08\/caf-cpam\/\" \/>\n<meta property=\"og:site_name\" content=\"La Malle maubeugeoise\" \/>\n<meta property=\"article:publisher\" content=\"https:\/\/www.facebook.com\/VilledeMaubeuge\" \/>\n<meta property=\"article:published_time\" content=\"2022-11-08T16:09:54+00:00\" \/>\n<meta property=\"article:modified_time\" content=\"2023-01-25T09:39:05+00:00\" \/>\n<meta property=\"og:image\" content=\"https:\/\/lamallemaubeugeoise.fr\/wp-content\/uploads\/2022\/09\/CAF-CPAM_028-Redimensionnee.jpg\" \/>\n\t<meta property=\"og:image:width\" content=\"1920\" \/>\n\t<meta property=\"og:image:height\" content=\"1280\" \/>\n\t<meta property=\"og:image:type\" content=\"image\/jpeg\" \/>\n<meta name=\"author\" content=\"admin\" \/>\n<meta name=\"twitter:card\" content=\"summary_large_image\" \/>\n<meta name=\"twitter:creator\" content=\"@VilleMaubeuge\" \/>\n<meta name=\"twitter:site\" content=\"@VilleMaubeuge\" \/>\n<meta name=\"twitter:label1\" content=\"\u00c9crit par\" \/>\n\t<meta name=\"twitter:data1\" content=\"admin\" \/>\n\t<meta name=\"twitter:label2\" content=\"Dur\u00e9e de lecture estim\u00e9e\" \/>\n\t<meta name=\"twitter:data2\" content=\"3 minutes\" \/>\n<script type=\"application\/ld+json\" class=\"yoast-schema-graph\">{\"@context\":\"https:\/\/schema.org\",\"@graph\":[{\"@type\":\"Article\",\"@id\":\"https:\/\/lamallemaubeugeoise.fr\/index.php\/2022\/11\/08\/caf-cpam\/#article\",\"isPartOf\":{\"@id\":\"https:\/\/lamallemaubeugeoise.fr\/index.php\/2022\/11\/08\/caf-cpam\/\"},\"author\":{\"name\":\"admin\",\"@id\":\"https:\/\/lamallemaubeugeoise.fr\/#\/schema\/person\/c85f1f679814a3351ebe6f86d26e43cf\"},\"headline\":\"CAF-CPAM\",\"datePublished\":\"2022-11-08T16:09:54+00:00\",\"dateModified\":\"2023-01-25T09:39:05+00:00\",\"mainEntityOfPage\":{\"@id\":\"https:\/\/lamallemaubeugeoise.fr\/index.php\/2022\/11\/08\/caf-cpam\/\"},\"wordCount\":471,\"commentCount\":0,\"publisher\":{\"@id\":\"https:\/\/lamallemaubeugeoise.fr\/#organization\"},\"image\":{\"@id\":\"https:\/\/lamallemaubeugeoise.fr\/index.php\/2022\/11\/08\/caf-cpam\/#primaryimage\"},\"thumbnailUrl\":\"https:\/\/lamallemaubeugeoise.fr\/wp-content\/uploads\/2022\/09\/CAF-CPAM_028-Redimensionnee.jpg\",\"keywords\":[\"seconde reconstruction\"],\"articleSection\":[\"Patrimoine\"],\"inLanguage\":\"fr-FR\",\"potentialAction\":[{\"@type\":\"CommentAction\",\"name\":\"Comment\",\"target\":[\"https:\/\/lamallemaubeugeoise.fr\/index.php\/2022\/11\/08\/caf-cpam\/#respond\"]}]},{\"@type\":\"WebPage\",\"@id\":\"https:\/\/lamallemaubeugeoise.fr\/index.php\/2022\/11\/08\/caf-cpam\/\",\"url\":\"https:\/\/lamallemaubeugeoise.fr\/index.php\/2022\/11\/08\/caf-cpam\/\",\"name\":\"La malle maubeugeoise - CAF - CPAM\",\"isPartOf\":{\"@id\":\"https:\/\/lamallemaubeugeoise.fr\/#website\"},\"primaryImageOfPage\":{\"@id\":\"https:\/\/lamallemaubeugeoise.fr\/index.php\/2022\/11\/08\/caf-cpam\/#primaryimage\"},\"image\":{\"@id\":\"https:\/\/lamallemaubeugeoise.fr\/index.php\/2022\/11\/08\/caf-cpam\/#primaryimage\"},\"thumbnailUrl\":\"https:\/\/lamallemaubeugeoise.fr\/wp-content\/uploads\/2022\/09\/CAF-CPAM_028-Redimensionnee.jpg\",\"datePublished\":\"2022-11-08T16:09:54+00:00\",\"dateModified\":\"2023-01-25T09:39:05+00:00\",\"description\":\"Construit entre 1961 et 1964, le b\u00e2timent de la CAF\/CPAM est le seul b\u00e2timent public construit par l'architecte Andr\u00e9 Lur\u00e7at. En savoir plus...\",\"breadcrumb\":{\"@id\":\"https:\/\/lamallemaubeugeoise.fr\/index.php\/2022\/11\/08\/caf-cpam\/#breadcrumb\"},\"inLanguage\":\"fr-FR\",\"potentialAction\":[{\"@type\":\"ReadAction\",\"target\":[\"https:\/\/lamallemaubeugeoise.fr\/index.php\/2022\/11\/08\/caf-cpam\/\"]}]},{\"@type\":\"ImageObject\",\"inLanguage\":\"fr-FR\",\"@id\":\"https:\/\/lamallemaubeugeoise.fr\/index.php\/2022\/11\/08\/caf-cpam\/#primaryimage\",\"url\":\"https:\/\/lamallemaubeugeoise.fr\/wp-content\/uploads\/2022\/09\/CAF-CPAM_028-Redimensionnee.jpg\",\"contentUrl\":\"https:\/\/lamallemaubeugeoise.fr\/wp-content\/uploads\/2022\/09\/CAF-CPAM_028-Redimensionnee.jpg\",\"width\":1920,\"height\":1280,\"caption\":\"\u00a9Franck Boucourt\/ Ville de Maubeuge \u00a9Adagp, Paris, 2022\"},{\"@type\":\"BreadcrumbList\",\"@id\":\"https:\/\/lamallemaubeugeoise.fr\/index.php\/2022\/11\/08\/caf-cpam\/#breadcrumb\",\"itemListElement\":[{\"@type\":\"ListItem\",\"position\":1,\"name\":\"Accueil\",\"item\":\"https:\/\/lamallemaubeugeoise.fr\/\"},{\"@type\":\"ListItem\",\"position\":2,\"name\":\"CAF-CPAM\"}]},{\"@type\":\"WebSite\",\"@id\":\"https:\/\/lamallemaubeugeoise.fr\/#website\",\"url\":\"https:\/\/lamallemaubeugeoise.fr\/\",\"name\":\"La Malle maubeugeoise\",\"description\":\"\",\"publisher\":{\"@id\":\"https:\/\/lamallemaubeugeoise.fr\/#organization\"},\"potentialAction\":[{\"@type\":\"SearchAction\",\"target\":{\"@type\":\"EntryPoint\",\"urlTemplate\":\"https:\/\/lamallemaubeugeoise.fr\/?s={search_term_string}\"},\"query-input\":{\"@type\":\"PropertyValueSpecification\",\"valueRequired\":true,\"valueName\":\"search_term_string\"}}],\"inLanguage\":\"fr-FR\"},{\"@type\":\"Organization\",\"@id\":\"https:\/\/lamallemaubeugeoise.fr\/#organization\",\"name\":\"La Malle maubeugeoise\",\"url\":\"https:\/\/lamallemaubeugeoise.fr\/\",\"logo\":{\"@type\":\"ImageObject\",\"inLanguage\":\"fr-FR\",\"@id\":\"https:\/\/lamallemaubeugeoise.fr\/#\/schema\/logo\/image\/\",\"url\":\"https:\/\/lamallemaubeugeoise.fr\/wp-content\/uploads\/2022\/09\/logo_culture.png\",\"contentUrl\":\"https:\/\/lamallemaubeugeoise.fr\/wp-content\/uploads\/2022\/09\/logo_culture.png\",\"width\":500,\"height\":270,\"caption\":\"La Malle maubeugeoise\"},\"image\":{\"@id\":\"https:\/\/lamallemaubeugeoise.fr\/#\/schema\/logo\/image\/\"},\"sameAs\":[\"https:\/\/www.facebook.com\/VilledeMaubeuge\",\"https:\/\/x.com\/VilleMaubeuge\",\"https:\/\/www.instagram.com\/villedemaubeuge\/\",\"https:\/\/www.linkedin.com\/company\/42902618\/admin\/\",\"https:\/\/www.youtube.com\/channel\/UCqOferEXg9bqKz_6mzrxN4w\",\"https:\/\/t.me\/villeMaubeuge\"]},{\"@type\":\"Person\",\"@id\":\"https:\/\/lamallemaubeugeoise.fr\/#\/schema\/person\/c85f1f679814a3351ebe6f86d26e43cf\",\"name\":\"admin\",\"image\":{\"@type\":\"ImageObject\",\"inLanguage\":\"fr-FR\",\"@id\":\"https:\/\/secure.gravatar.com\/avatar\/5d6e3987e8e25a315d682f5d3c630367068e3c5a02db59772df55f9ef37cf710?s=96&d=mm&r=g\",\"url\":\"https:\/\/secure.gravatar.com\/avatar\/5d6e3987e8e25a315d682f5d3c630367068e3c5a02db59772df55f9ef37cf710?s=96&d=mm&r=g\",\"contentUrl\":\"https:\/\/secure.gravatar.com\/avatar\/5d6e3987e8e25a315d682f5d3c630367068e3c5a02db59772df55f9ef37cf710?s=96&d=mm&r=g\",\"caption\":\"admin\"},\"sameAs\":[\"https:\/\/lamallemaubeugeoise.fr\"],\"url\":\"https:\/\/lamallemaubeugeoise.fr\/index.php\/author\/martial\/\"}]}<\/script>\n<!-- \/ Yoast SEO plugin. -->","yoast_head_json":{"title":"La malle maubeugeoise - CAF - CPAM","description":"Construit entre 1961 et 1964, le b\u00e2timent de la CAF\/CPAM est le seul b\u00e2timent public construit par l'architecte Andr\u00e9 Lur\u00e7at. En savoir plus...","robots":{"index":"index","follow":"follow","max-snippet":"max-snippet:-1","max-image-preview":"max-image-preview:large","max-video-preview":"max-video-preview:-1"},"canonical":"https:\/\/lamallemaubeugeoise.fr\/index.php\/2022\/11\/08\/caf-cpam\/","og_locale":"fr_FR","og_type":"article","og_title":"La malle maubeugeoise - CAF - CPAM","og_description":"Construit entre 1961 et 1964, le b\u00e2timent de la CAF\/CPAM est le seul b\u00e2timent public construit par l'architecte Andr\u00e9 Lur\u00e7at. En savoir plus...","og_url":"https:\/\/lamallemaubeugeoise.fr\/index.php\/2022\/11\/08\/caf-cpam\/","og_site_name":"La Malle maubeugeoise","article_publisher":"https:\/\/www.facebook.com\/VilledeMaubeuge","article_published_time":"2022-11-08T16:09:54+00:00","article_modified_time":"2023-01-25T09:39:05+00:00","og_image":[{"width":1920,"height":1280,"url":"https:\/\/lamallemaubeugeoise.fr\/wp-content\/uploads\/2022\/09\/CAF-CPAM_028-Redimensionnee.jpg","type":"image\/jpeg"}],"author":"admin","twitter_card":"summary_large_image","twitter_creator":"@VilleMaubeuge","twitter_site":"@VilleMaubeuge","twitter_misc":{"\u00c9crit par":"admin","Dur\u00e9e de lecture estim\u00e9e":"3 minutes"},"schema":{"@context":"https:\/\/schema.org","@graph":[{"@type":"Article","@id":"https:\/\/lamallemaubeugeoise.fr\/index.php\/2022\/11\/08\/caf-cpam\/#article","isPartOf":{"@id":"https:\/\/lamallemaubeugeoise.fr\/index.php\/2022\/11\/08\/caf-cpam\/"},"author":{"name":"admin","@id":"https:\/\/lamallemaubeugeoise.fr\/#\/schema\/person\/c85f1f679814a3351ebe6f86d26e43cf"},"headline":"CAF-CPAM","datePublished":"2022-11-08T16:09:54+00:00","dateModified":"2023-01-25T09:39:05+00:00","mainEntityOfPage":{"@id":"https:\/\/lamallemaubeugeoise.fr\/index.php\/2022\/11\/08\/caf-cpam\/"},"wordCount":471,"commentCount":0,"publisher":{"@id":"https:\/\/lamallemaubeugeoise.fr\/#organization"},"image":{"@id":"https:\/\/lamallemaubeugeoise.fr\/index.php\/2022\/11\/08\/caf-cpam\/#primaryimage"},"thumbnailUrl":"https:\/\/lamallemaubeugeoise.fr\/wp-content\/uploads\/2022\/09\/CAF-CPAM_028-Redimensionnee.jpg","keywords":["seconde reconstruction"],"articleSection":["Patrimoine"],"inLanguage":"fr-FR","potentialAction":[{"@type":"CommentAction","name":"Comment","target":["https:\/\/lamallemaubeugeoise.fr\/index.php\/2022\/11\/08\/caf-cpam\/#respond"]}]},{"@type":"WebPage","@id":"https:\/\/lamallemaubeugeoise.fr\/index.php\/2022\/11\/08\/caf-cpam\/","url":"https:\/\/lamallemaubeugeoise.fr\/index.php\/2022\/11\/08\/caf-cpam\/","name":"La malle maubeugeoise - CAF - CPAM","isPartOf":{"@id":"https:\/\/lamallemaubeugeoise.fr\/#website"},"primaryImageOfPage":{"@id":"https:\/\/lamallemaubeugeoise.fr\/index.php\/2022\/11\/08\/caf-cpam\/#primaryimage"},"image":{"@id":"https:\/\/lamallemaubeugeoise.fr\/index.php\/2022\/11\/08\/caf-cpam\/#primaryimage"},"thumbnailUrl":"https:\/\/lamallemaubeugeoise.fr\/wp-content\/uploads\/2022\/09\/CAF-CPAM_028-Redimensionnee.jpg","datePublished":"2022-11-08T16:09:54+00:00","dateModified":"2023-01-25T09:39:05+00:00","description":"Construit entre 1961 et 1964, le b\u00e2timent de la CAF\/CPAM est le seul b\u00e2timent public construit par l'architecte Andr\u00e9 Lur\u00e7at. En savoir plus...","breadcrumb":{"@id":"https:\/\/lamallemaubeugeoise.fr\/index.php\/2022\/11\/08\/caf-cpam\/#breadcrumb"},"inLanguage":"fr-FR","potentialAction":[{"@type":"ReadAction","target":["https:\/\/lamallemaubeugeoise.fr\/index.php\/2022\/11\/08\/caf-cpam\/"]}]},{"@type":"ImageObject","inLanguage":"fr-FR","@id":"https:\/\/lamallemaubeugeoise.fr\/index.php\/2022\/11\/08\/caf-cpam\/#primaryimage","url":"https:\/\/lamallemaubeugeoise.fr\/wp-content\/uploads\/2022\/09\/CAF-CPAM_028-Redimensionnee.jpg","contentUrl":"https:\/\/lamallemaubeugeoise.fr\/wp-content\/uploads\/2022\/09\/CAF-CPAM_028-Redimensionnee.jpg","width":1920,"height":1280,"caption":"\u00a9Franck Boucourt\/ Ville de Maubeuge \u00a9Adagp, Paris, 2022"},{"@type":"BreadcrumbList","@id":"https:\/\/lamallemaubeugeoise.fr\/index.php\/2022\/11\/08\/caf-cpam\/#breadcrumb","itemListElement":[{"@type":"ListItem","position":1,"name":"Accueil","item":"https:\/\/lamallemaubeugeoise.fr\/"},{"@type":"ListItem","position":2,"name":"CAF-CPAM"}]},{"@type":"WebSite","@id":"https:\/\/lamallemaubeugeoise.fr\/#website","url":"https:\/\/lamallemaubeugeoise.fr\/","name":"La Malle maubeugeoise","description":"","publisher":{"@id":"https:\/\/lamallemaubeugeoise.fr\/#organization"},"potentialAction":[{"@type":"SearchAction","target":{"@type":"EntryPoint","urlTemplate":"https:\/\/lamallemaubeugeoise.fr\/?s={search_term_string}"},"query-input":{"@type":"PropertyValueSpecification","valueRequired":true,"valueName":"search_term_string"}}],"inLanguage":"fr-FR"},{"@type":"Organization","@id":"https:\/\/lamallemaubeugeoise.fr\/#organization","name":"La Malle maubeugeoise","url":"https:\/\/lamallemaubeugeoise.fr\/","logo":{"@type":"ImageObject","inLanguage":"fr-FR","@id":"https:\/\/lamallemaubeugeoise.fr\/#\/schema\/logo\/image\/","url":"https:\/\/lamallemaubeugeoise.fr\/wp-content\/uploads\/2022\/09\/logo_culture.png","contentUrl":"https:\/\/lamallemaubeugeoise.fr\/wp-content\/uploads\/2022\/09\/logo_culture.png","width":500,"height":270,"caption":"La Malle maubeugeoise"},"image":{"@id":"https:\/\/lamallemaubeugeoise.fr\/#\/schema\/logo\/image\/"},"sameAs":["https:\/\/www.facebook.com\/VilledeMaubeuge","https:\/\/x.com\/VilleMaubeuge","https:\/\/www.instagram.com\/villedemaubeuge\/","https:\/\/www.linkedin.com\/company\/42902618\/admin\/","https:\/\/www.youtube.com\/channel\/UCqOferEXg9bqKz_6mzrxN4w","https:\/\/t.me\/villeMaubeuge"]},{"@type":"Person","@id":"https:\/\/lamallemaubeugeoise.fr\/#\/schema\/person\/c85f1f679814a3351ebe6f86d26e43cf","name":"admin","image":{"@type":"ImageObject","inLanguage":"fr-FR","@id":"https:\/\/secure.gravatar.com\/avatar\/5d6e3987e8e25a315d682f5d3c630367068e3c5a02db59772df55f9ef37cf710?s=96&d=mm&r=g","url":"https:\/\/secure.gravatar.com\/avatar\/5d6e3987e8e25a315d682f5d3c630367068e3c5a02db59772df55f9ef37cf710?s=96&d=mm&r=g","contentUrl":"https:\/\/secure.gravatar.com\/avatar\/5d6e3987e8e25a315d682f5d3c630367068e3c5a02db59772df55f9ef37cf710?s=96&d=mm&r=g","caption":"admin"},"sameAs":["https:\/\/lamallemaubeugeoise.fr"],"url":"https:\/\/lamallemaubeugeoise.fr\/index.php\/author\/martial\/"}]}},"_links":{"self":[{"href":"https:\/\/lamallemaubeugeoise.fr\/index.php\/wp-json\/wp\/v2\/posts\/1620","targetHints":{"allow":["GET"]}}],"collection":[{"href":"https:\/\/lamallemaubeugeoise.fr\/index.php\/wp-json\/wp\/v2\/posts"}],"about":[{"href":"https:\/\/lamallemaubeugeoise.fr\/index.php\/wp-json\/wp\/v2\/types\/post"}],"author":[{"embeddable":true,"href":"https:\/\/lamallemaubeugeoise.fr\/index.php\/wp-json\/wp\/v2\/users\/1"}],"replies":[{"embeddable":true,"href":"https:\/\/lamallemaubeugeoise.fr\/index.php\/wp-json\/wp\/v2\/comments?post=1620"}],"version-history":[{"count":28,"href":"https:\/\/lamallemaubeugeoise.fr\/index.php\/wp-json\/wp\/v2\/posts\/1620\/revisions"}],"predecessor-version":[{"id":2951,"href":"https:\/\/lamallemaubeugeoise.fr\/index.php\/wp-json\/wp\/v2\/posts\/1620\/revisions\/2951"}],"wp:featuredmedia":[{"embeddable":true,"href":"https:\/\/lamallemaubeugeoise.fr\/index.php\/wp-json\/wp\/v2\/media\/557"}],"wp:attachment":[{"href":"https:\/\/lamallemaubeugeoise.fr\/index.php\/wp-json\/wp\/v2\/media?parent=1620"}],"wp:term":[{"taxonomy":"category","embeddable":true,"href":"https:\/\/lamallemaubeugeoise.fr\/index.php\/wp-json\/wp\/v2\/categories?post=1620"},{"taxonomy":"post_tag","embeddable":true,"href":"https:\/\/lamallemaubeugeoise.fr\/index.php\/wp-json\/wp\/v2\/tags?post=1620"}],"curies":[{"name":"wp","href":"https:\/\/api.w.org\/{rel}","templated":true}]}}