{"id":3077,"date":"2023-05-10T13:19:59","date_gmt":"2023-05-10T11:19:59","guid":{"rendered":"https:\/\/lamallemaubeugeoise.fr\/?p=3077"},"modified":"2023-05-10T13:38:04","modified_gmt":"2023-05-10T11:38:04","slug":"georges-dubut-au-piano","status":"publish","type":"post","link":"https:\/\/lamallemaubeugeoise.fr\/index.php\/2023\/05\/10\/georges-dubut-au-piano\/","title":{"rendered":"Georges Dubut au piano"},"content":{"rendered":"\t\t<div data-elementor-type=\"wp-post\" data-elementor-id=\"3077\" class=\"elementor elementor-3077\" data-elementor-post-type=\"post\">\n\t\t\t\t\t\t<section class=\"elementor-section elementor-top-section elementor-element elementor-element-77adc4a5 elementor-section-boxed elementor-section-height-default elementor-section-height-default\" data-id=\"77adc4a5\" data-element_type=\"section\" data-e-type=\"section\">\n\t\t\t\t\t\t<div class=\"elementor-container elementor-column-gap-default\">\n\t\t\t\t\t<div class=\"elementor-column elementor-col-100 elementor-top-column elementor-element elementor-element-974b46\" data-id=\"974b46\" data-element_type=\"column\" data-e-type=\"column\">\n\t\t\t<div class=\"elementor-widget-wrap elementor-element-populated\">\n\t\t\t\t\t\t<div class=\"elementor-element elementor-element-77d97bf9 elementor-widget elementor-widget-text-editor\" data-id=\"77d97bf9\" data-element_type=\"widget\" data-e-type=\"widget\" data-widget_type=\"text-editor.default\">\n\t\t\t\t<div class=\"elementor-widget-container\">\n\t\t\t\t\t\t\t\t\t<p><strong>Germaine DUBUT <\/strong><br \/><em>Georges Dubut au piano<\/em>, 1938 <br \/>Pastel sur papier <br \/>38 x 33 cm <br \/>Maubeuge, Mus\u00e9e Henri Bo\u00ebz<\/p><p><span style=\"font-size: inherit; color: var( --e-global-color-text ); font-family: var( --e-global-typography-text-font-family ), Sans-serif; font-style: var( --e-global-typography-text-font-style ); font-weight: var( --e-global-typography-text-font-weight ); letter-spacing: var( --e-global-typography-text-letter-spacing ); text-transform: var( --e-global-typography-text-text-transform ); background-color: var( --e-global-color-c696dce );\">Cette \u0153uvre, r\u00e9alis\u00e9e au pastel par Germaine Dubut, montre Georges Dubut, po\u00e8te et chansonnier maubeugeois.<\/span><\/p><p class=\"Standard\" style=\"text-align: justify; text-justify: inter-ideograph;\"><span lang=\"FR\">Le pastel est une technique qui utilise un crayon compos\u00e9 de pigments, de craie et de gomme arabique. Cette technique, qui permet l\u2019application directe du b\u00e2ton de pastel sur le support, conf\u00e8re un aspect poudreux \u00e0 l\u2019\u0153uvre, qui est particuli\u00e8rement fragile.<\/span><\/p><p class=\"Standard\" style=\"text-align: justify; text-justify: inter-ideograph;\"><span lang=\"FR\">Germaine Dubut livre en effet ici un pastel d\u00e9licat, particuli\u00e8rement appliqu\u00e9 en ce qui concerne le jeu des textures et des lumi\u00e8res\u00a0: si l\u2019on porte notre attention sur le tapis, l\u2019impression du textile est tout \u00e0 fait palpable et la projection de la lumi\u00e8re, depuis la fen\u00eatre, semble tout \u00e0 fait vraisemblable. On ne peut s\u2019emp\u00eacher d\u2019avoir l\u2019impression que l\u2019\u0153uvre a \u00e9t\u00e9 r\u00e9alis\u00e9e \u00e0 la d\u00e9rob\u00e9e, \u00e0 l\u2019insu peut-\u00eatre du mod\u00e8le tout occup\u00e9 \u00e0 sa partition. L\u2019\u0153uvre livre une vision intimiste d\u2019un apr\u00e8s-midi au cours duquel les deux \u00e9poux s\u2019adonnent \u00e0 leur loisir, c\u00f4te \u00e0 c\u00f4te.<\/span><\/p><p class=\"Standard\" style=\"text-align: justify; text-justify: inter-ideograph;\"><span lang=\"FR\">La figure de Georges Dubut sera mise \u00e0 l\u2019honneur \u00e0 l\u2019\u00c9comus\u00e9e de Fourmies \u00e0 l\u2019occasion de l\u2019exposition \u00ab\u00a0Musique en pi\u00e8ces. Musiques populaires en Avesnois XIXe \u2013 XXe si\u00e8cles\u00a0\u00bb, pr\u00e9sent\u00e9e du 31 mars au 29 d\u00e9cembre 2023.<\/span><span lang=\"FR\">\u00a0<\/span><\/p><p class=\"Standard\" style=\"text-align: justify; text-justify: inter-ideograph;\"><span lang=\"FR\">Cette \u0153uvre a \u00e9galement \u00e9t\u00e9 mise \u00e0 l\u2019honneur le 13 mai 2023 \u00e0 l\u2019occasion de la Nuit europ\u00e9enne des Mus\u00e9es\u00a0! En effet, ce pastel fait partie du dispositif \u00ab\u00a0La Classe l\u2019\u0153uvre\u00a0!\u00a0\u00bb port\u00e9 par le Minist\u00e8re de la Culture et celui de l\u2019Education et de la Jeunesse. Ce dispositif a permis \u00e0 une classe de d\u00e9couvrir des \u0153uvres et de se faire les m\u00e9diateurs d\u2019un soir. Ce petit audioguide vous permet d\u2019\u00e9couter nos m\u00e9diateurs en herbe &#8230;<\/span><\/p><p><strong>Les \u00e9l\u00e8ves de CM1 de l&rsquo;\u00e9cole De Joyeuse de Maubeuge vous pr\u00e9sentent l&rsquo;\u0153uvre <em>Georges Dubut au piano:<\/em><\/strong><\/p><div style=\"width: 580px;\" class=\"wp-video\"><video class=\"wp-video-shortcode\" id=\"video-3077-1\" width=\"580\" height=\"326\" preload=\"metadata\" controls=\"controls\"><source type=\"video\/mp4\" src=\"https:\/\/lamallemaubeugeoise.fr\/wp-content\/uploads\/2023\/05\/Dubut-au-piano.mp4?_=1\" \/><a href=\"https:\/\/lamallemaubeugeoise.fr\/wp-content\/uploads\/2023\/05\/Dubut-au-piano.mp4\">https:\/\/lamallemaubeugeoise.fr\/wp-content\/uploads\/2023\/05\/Dubut-au-piano.mp4<\/a><\/video><\/div>\t\t\t\t\t\t\t\t<\/div>\n\t\t\t\t<\/div>\n\t\t\t\t\t<\/div>\n\t\t<\/div>\n\t\t\t\t\t<\/div>\n\t\t<\/section>\n\t\t\t\t<\/div>\n\t\t","protected":false},"excerpt":{"rendered":"<p>Germaine DUBUT Georges Dubut au piano, 1938 Pastel sur papier 38 x 33 cm Maubeuge, Mus\u00e9e Henri Bo\u00ebz Cette \u0153uvre, r\u00e9alis\u00e9e au pastel par Germaine Dubut, montre Georges Dubut, po\u00e8te et chansonnier maubeugeois. Le pastel est une technique qui utilise un crayon compos\u00e9 de pigments, de craie et de gomme arabique. Cette technique, qui permet [&hellip;]<\/p>\n","protected":false},"author":4,"featured_media":3078,"comment_status":"open","ping_status":"open","sticky":false,"template":"","format":"standard","meta":{"footnotes":""},"categories":[14],"tags":[19],"class_list":["post-3077","post","type-post","status-publish","format-standard","has-post-thumbnail","hentry","category-musee","tag-peinture"],"yoast_head":"<!-- This site is optimized with the Yoast SEO plugin v27.2 - https:\/\/yoast.com\/product\/yoast-seo-wordpress\/ -->\n<title>Germaine DUBUT - Georges Dubut au piano<\/title>\n<meta name=\"description\" content=\"Cette \u0153uvre, r\u00e9alis\u00e9e au pastel par Germaine Dubut, montre Georges Dubut, po\u00e8te et chansonnier maubeugeois.\" \/>\n<meta name=\"robots\" content=\"index, follow, max-snippet:-1, max-image-preview:large, max-video-preview:-1\" \/>\n<link rel=\"canonical\" href=\"https:\/\/lamallemaubeugeoise.fr\/index.php\/2023\/05\/10\/georges-dubut-au-piano\/\" \/>\n<meta property=\"og:locale\" content=\"fr_FR\" \/>\n<meta property=\"og:type\" content=\"article\" \/>\n<meta property=\"og:title\" content=\"Germaine DUBUT - Georges Dubut au piano\" \/>\n<meta property=\"og:description\" content=\"Cette \u0153uvre, r\u00e9alis\u00e9e au pastel par Germaine Dubut, montre Georges Dubut, po\u00e8te et chansonnier maubeugeois.\" \/>\n<meta property=\"og:url\" content=\"https:\/\/lamallemaubeugeoise.fr\/index.php\/2023\/05\/10\/georges-dubut-au-piano\/\" \/>\n<meta property=\"og:site_name\" content=\"La Malle maubeugeoise\" \/>\n<meta property=\"article:publisher\" content=\"https:\/\/www.facebook.com\/VilledeMaubeuge\" \/>\n<meta property=\"article:published_time\" content=\"2023-05-10T11:19:59+00:00\" \/>\n<meta property=\"article:modified_time\" content=\"2023-05-10T11:38:04+00:00\" \/>\n<meta property=\"og:image\" content=\"https:\/\/lamallemaubeugeoise.fr\/wp-content\/uploads\/2023\/05\/@FranckBoucourt_DUBUT_957-8-1.jpg\" \/>\n\t<meta property=\"og:image:width\" content=\"707\" \/>\n\t<meta property=\"og:image:height\" content=\"800\" \/>\n\t<meta property=\"og:image:type\" content=\"image\/jpeg\" \/>\n<meta name=\"twitter:card\" content=\"summary_large_image\" \/>\n<meta name=\"twitter:creator\" content=\"@VilleMaubeuge\" \/>\n<meta name=\"twitter:site\" content=\"@VilleMaubeuge\" \/>\n<meta name=\"twitter:label1\" content=\"\u00c9crit par\" \/>\n\t<meta name=\"twitter:data1\" content=\"\" \/>\n\t<meta name=\"twitter:label2\" content=\"Dur\u00e9e de lecture estim\u00e9e\" \/>\n\t<meta name=\"twitter:data2\" content=\"2 minutes\" \/>\n<script type=\"application\/ld+json\" class=\"yoast-schema-graph\">{\"@context\":\"https:\/\/schema.org\",\"@graph\":[{\"@type\":\"Article\",\"@id\":\"https:\/\/lamallemaubeugeoise.fr\/index.php\/2023\/05\/10\/georges-dubut-au-piano\/#article\",\"isPartOf\":{\"@id\":\"https:\/\/lamallemaubeugeoise.fr\/index.php\/2023\/05\/10\/georges-dubut-au-piano\/\"},\"author\":{\"name\":\"\",\"@id\":\"\"},\"headline\":\"Georges Dubut au piano\",\"datePublished\":\"2023-05-10T11:19:59+00:00\",\"dateModified\":\"2023-05-10T11:38:04+00:00\",\"mainEntityOfPage\":{\"@id\":\"https:\/\/lamallemaubeugeoise.fr\/index.php\/2023\/05\/10\/georges-dubut-au-piano\/\"},\"wordCount\":350,\"commentCount\":0,\"publisher\":{\"@id\":\"https:\/\/lamallemaubeugeoise.fr\/#organization\"},\"image\":{\"@id\":\"https:\/\/lamallemaubeugeoise.fr\/index.php\/2023\/05\/10\/georges-dubut-au-piano\/#primaryimage\"},\"thumbnailUrl\":\"https:\/\/lamallemaubeugeoise.fr\/wp-content\/uploads\/2023\/05\/@FranckBoucourt_DUBUT_957-8-1.jpg\",\"keywords\":[\"peinture\"],\"articleSection\":[\"Mus\u00e9e\"],\"inLanguage\":\"fr-FR\",\"potentialAction\":[{\"@type\":\"CommentAction\",\"name\":\"Comment\",\"target\":[\"https:\/\/lamallemaubeugeoise.fr\/index.php\/2023\/05\/10\/georges-dubut-au-piano\/#respond\"]}]},{\"@type\":\"WebPage\",\"@id\":\"https:\/\/lamallemaubeugeoise.fr\/index.php\/2023\/05\/10\/georges-dubut-au-piano\/\",\"url\":\"https:\/\/lamallemaubeugeoise.fr\/index.php\/2023\/05\/10\/georges-dubut-au-piano\/\",\"name\":\"Germaine DUBUT - Georges Dubut au piano\",\"isPartOf\":{\"@id\":\"https:\/\/lamallemaubeugeoise.fr\/#website\"},\"primaryImageOfPage\":{\"@id\":\"https:\/\/lamallemaubeugeoise.fr\/index.php\/2023\/05\/10\/georges-dubut-au-piano\/#primaryimage\"},\"image\":{\"@id\":\"https:\/\/lamallemaubeugeoise.fr\/index.php\/2023\/05\/10\/georges-dubut-au-piano\/#primaryimage\"},\"thumbnailUrl\":\"https:\/\/lamallemaubeugeoise.fr\/wp-content\/uploads\/2023\/05\/@FranckBoucourt_DUBUT_957-8-1.jpg\",\"datePublished\":\"2023-05-10T11:19:59+00:00\",\"dateModified\":\"2023-05-10T11:38:04+00:00\",\"description\":\"Cette \u0153uvre, r\u00e9alis\u00e9e au pastel par Germaine Dubut, montre Georges Dubut, po\u00e8te et chansonnier maubeugeois.\",\"breadcrumb\":{\"@id\":\"https:\/\/lamallemaubeugeoise.fr\/index.php\/2023\/05\/10\/georges-dubut-au-piano\/#breadcrumb\"},\"inLanguage\":\"fr-FR\",\"potentialAction\":[{\"@type\":\"ReadAction\",\"target\":[\"https:\/\/lamallemaubeugeoise.fr\/index.php\/2023\/05\/10\/georges-dubut-au-piano\/\"]}]},{\"@type\":\"ImageObject\",\"inLanguage\":\"fr-FR\",\"@id\":\"https:\/\/lamallemaubeugeoise.fr\/index.php\/2023\/05\/10\/georges-dubut-au-piano\/#primaryimage\",\"url\":\"https:\/\/lamallemaubeugeoise.fr\/wp-content\/uploads\/2023\/05\/@FranckBoucourt_DUBUT_957-8-1.jpg\",\"contentUrl\":\"https:\/\/lamallemaubeugeoise.fr\/wp-content\/uploads\/2023\/05\/@FranckBoucourt_DUBUT_957-8-1.jpg\",\"width\":707,\"height\":800,\"caption\":\"\u00a9 Franck Boucourt \/ Mus\u00e9e Henri Bo\u00ebz\"},{\"@type\":\"BreadcrumbList\",\"@id\":\"https:\/\/lamallemaubeugeoise.fr\/index.php\/2023\/05\/10\/georges-dubut-au-piano\/#breadcrumb\",\"itemListElement\":[{\"@type\":\"ListItem\",\"position\":1,\"name\":\"Accueil\",\"item\":\"https:\/\/lamallemaubeugeoise.fr\/\"},{\"@type\":\"ListItem\",\"position\":2,\"name\":\"Georges Dubut au piano\"}]},{\"@type\":\"WebSite\",\"@id\":\"https:\/\/lamallemaubeugeoise.fr\/#website\",\"url\":\"https:\/\/lamallemaubeugeoise.fr\/\",\"name\":\"La Malle maubeugeoise\",\"description\":\"\",\"publisher\":{\"@id\":\"https:\/\/lamallemaubeugeoise.fr\/#organization\"},\"potentialAction\":[{\"@type\":\"SearchAction\",\"target\":{\"@type\":\"EntryPoint\",\"urlTemplate\":\"https:\/\/lamallemaubeugeoise.fr\/?s={search_term_string}\"},\"query-input\":{\"@type\":\"PropertyValueSpecification\",\"valueRequired\":true,\"valueName\":\"search_term_string\"}}],\"inLanguage\":\"fr-FR\"},{\"@type\":\"Organization\",\"@id\":\"https:\/\/lamallemaubeugeoise.fr\/#organization\",\"name\":\"La Malle maubeugeoise\",\"url\":\"https:\/\/lamallemaubeugeoise.fr\/\",\"logo\":{\"@type\":\"ImageObject\",\"inLanguage\":\"fr-FR\",\"@id\":\"https:\/\/lamallemaubeugeoise.fr\/#\/schema\/logo\/image\/\",\"url\":\"https:\/\/lamallemaubeugeoise.fr\/wp-content\/uploads\/2022\/09\/logo_culture.png\",\"contentUrl\":\"https:\/\/lamallemaubeugeoise.fr\/wp-content\/uploads\/2022\/09\/logo_culture.png\",\"width\":500,\"height\":270,\"caption\":\"La Malle maubeugeoise\"},\"image\":{\"@id\":\"https:\/\/lamallemaubeugeoise.fr\/#\/schema\/logo\/image\/\"},\"sameAs\":[\"https:\/\/www.facebook.com\/VilledeMaubeuge\",\"https:\/\/x.com\/VilleMaubeuge\",\"https:\/\/www.instagram.com\/villedemaubeuge\/\",\"https:\/\/www.linkedin.com\/company\/42902618\/admin\/\",\"https:\/\/www.youtube.com\/channel\/UCqOferEXg9bqKz_6mzrxN4w\",\"https:\/\/t.me\/villeMaubeuge\"]},{\"@type\":\"Person\",\"@id\":\"\",\"url\":\"https:\/\/lamallemaubeugeoise.fr\/index.php\/author\/\"}]}<\/script>\n<!-- \/ Yoast SEO plugin. -->","yoast_head_json":{"title":"Germaine DUBUT - Georges Dubut au piano","description":"Cette \u0153uvre, r\u00e9alis\u00e9e au pastel par Germaine Dubut, montre Georges Dubut, po\u00e8te et chansonnier maubeugeois.","robots":{"index":"index","follow":"follow","max-snippet":"max-snippet:-1","max-image-preview":"max-image-preview:large","max-video-preview":"max-video-preview:-1"},"canonical":"https:\/\/lamallemaubeugeoise.fr\/index.php\/2023\/05\/10\/georges-dubut-au-piano\/","og_locale":"fr_FR","og_type":"article","og_title":"Germaine DUBUT - Georges Dubut au piano","og_description":"Cette \u0153uvre, r\u00e9alis\u00e9e au pastel par Germaine Dubut, montre Georges Dubut, po\u00e8te et chansonnier maubeugeois.","og_url":"https:\/\/lamallemaubeugeoise.fr\/index.php\/2023\/05\/10\/georges-dubut-au-piano\/","og_site_name":"La Malle maubeugeoise","article_publisher":"https:\/\/www.facebook.com\/VilledeMaubeuge","article_published_time":"2023-05-10T11:19:59+00:00","article_modified_time":"2023-05-10T11:38:04+00:00","og_image":[{"width":707,"height":800,"url":"https:\/\/lamallemaubeugeoise.fr\/wp-content\/uploads\/2023\/05\/@FranckBoucourt_DUBUT_957-8-1.jpg","type":"image\/jpeg"}],"twitter_card":"summary_large_image","twitter_creator":"@VilleMaubeuge","twitter_site":"@VilleMaubeuge","twitter_misc":{"\u00c9crit par":"","Dur\u00e9e de lecture estim\u00e9e":"2 minutes"},"schema":{"@context":"https:\/\/schema.org","@graph":[{"@type":"Article","@id":"https:\/\/lamallemaubeugeoise.fr\/index.php\/2023\/05\/10\/georges-dubut-au-piano\/#article","isPartOf":{"@id":"https:\/\/lamallemaubeugeoise.fr\/index.php\/2023\/05\/10\/georges-dubut-au-piano\/"},"author":{"name":"","@id":""},"headline":"Georges Dubut au piano","datePublished":"2023-05-10T11:19:59+00:00","dateModified":"2023-05-10T11:38:04+00:00","mainEntityOfPage":{"@id":"https:\/\/lamallemaubeugeoise.fr\/index.php\/2023\/05\/10\/georges-dubut-au-piano\/"},"wordCount":350,"commentCount":0,"publisher":{"@id":"https:\/\/lamallemaubeugeoise.fr\/#organization"},"image":{"@id":"https:\/\/lamallemaubeugeoise.fr\/index.php\/2023\/05\/10\/georges-dubut-au-piano\/#primaryimage"},"thumbnailUrl":"https:\/\/lamallemaubeugeoise.fr\/wp-content\/uploads\/2023\/05\/@FranckBoucourt_DUBUT_957-8-1.jpg","keywords":["peinture"],"articleSection":["Mus\u00e9e"],"inLanguage":"fr-FR","potentialAction":[{"@type":"CommentAction","name":"Comment","target":["https:\/\/lamallemaubeugeoise.fr\/index.php\/2023\/05\/10\/georges-dubut-au-piano\/#respond"]}]},{"@type":"WebPage","@id":"https:\/\/lamallemaubeugeoise.fr\/index.php\/2023\/05\/10\/georges-dubut-au-piano\/","url":"https:\/\/lamallemaubeugeoise.fr\/index.php\/2023\/05\/10\/georges-dubut-au-piano\/","name":"Germaine DUBUT - Georges Dubut au piano","isPartOf":{"@id":"https:\/\/lamallemaubeugeoise.fr\/#website"},"primaryImageOfPage":{"@id":"https:\/\/lamallemaubeugeoise.fr\/index.php\/2023\/05\/10\/georges-dubut-au-piano\/#primaryimage"},"image":{"@id":"https:\/\/lamallemaubeugeoise.fr\/index.php\/2023\/05\/10\/georges-dubut-au-piano\/#primaryimage"},"thumbnailUrl":"https:\/\/lamallemaubeugeoise.fr\/wp-content\/uploads\/2023\/05\/@FranckBoucourt_DUBUT_957-8-1.jpg","datePublished":"2023-05-10T11:19:59+00:00","dateModified":"2023-05-10T11:38:04+00:00","description":"Cette \u0153uvre, r\u00e9alis\u00e9e au pastel par Germaine Dubut, montre Georges Dubut, po\u00e8te et chansonnier maubeugeois.","breadcrumb":{"@id":"https:\/\/lamallemaubeugeoise.fr\/index.php\/2023\/05\/10\/georges-dubut-au-piano\/#breadcrumb"},"inLanguage":"fr-FR","potentialAction":[{"@type":"ReadAction","target":["https:\/\/lamallemaubeugeoise.fr\/index.php\/2023\/05\/10\/georges-dubut-au-piano\/"]}]},{"@type":"ImageObject","inLanguage":"fr-FR","@id":"https:\/\/lamallemaubeugeoise.fr\/index.php\/2023\/05\/10\/georges-dubut-au-piano\/#primaryimage","url":"https:\/\/lamallemaubeugeoise.fr\/wp-content\/uploads\/2023\/05\/@FranckBoucourt_DUBUT_957-8-1.jpg","contentUrl":"https:\/\/lamallemaubeugeoise.fr\/wp-content\/uploads\/2023\/05\/@FranckBoucourt_DUBUT_957-8-1.jpg","width":707,"height":800,"caption":"\u00a9 Franck Boucourt \/ Mus\u00e9e Henri Bo\u00ebz"},{"@type":"BreadcrumbList","@id":"https:\/\/lamallemaubeugeoise.fr\/index.php\/2023\/05\/10\/georges-dubut-au-piano\/#breadcrumb","itemListElement":[{"@type":"ListItem","position":1,"name":"Accueil","item":"https:\/\/lamallemaubeugeoise.fr\/"},{"@type":"ListItem","position":2,"name":"Georges Dubut au piano"}]},{"@type":"WebSite","@id":"https:\/\/lamallemaubeugeoise.fr\/#website","url":"https:\/\/lamallemaubeugeoise.fr\/","name":"La Malle maubeugeoise","description":"","publisher":{"@id":"https:\/\/lamallemaubeugeoise.fr\/#organization"},"potentialAction":[{"@type":"SearchAction","target":{"@type":"EntryPoint","urlTemplate":"https:\/\/lamallemaubeugeoise.fr\/?s={search_term_string}"},"query-input":{"@type":"PropertyValueSpecification","valueRequired":true,"valueName":"search_term_string"}}],"inLanguage":"fr-FR"},{"@type":"Organization","@id":"https:\/\/lamallemaubeugeoise.fr\/#organization","name":"La Malle maubeugeoise","url":"https:\/\/lamallemaubeugeoise.fr\/","logo":{"@type":"ImageObject","inLanguage":"fr-FR","@id":"https:\/\/lamallemaubeugeoise.fr\/#\/schema\/logo\/image\/","url":"https:\/\/lamallemaubeugeoise.fr\/wp-content\/uploads\/2022\/09\/logo_culture.png","contentUrl":"https:\/\/lamallemaubeugeoise.fr\/wp-content\/uploads\/2022\/09\/logo_culture.png","width":500,"height":270,"caption":"La Malle maubeugeoise"},"image":{"@id":"https:\/\/lamallemaubeugeoise.fr\/#\/schema\/logo\/image\/"},"sameAs":["https:\/\/www.facebook.com\/VilledeMaubeuge","https:\/\/x.com\/VilleMaubeuge","https:\/\/www.instagram.com\/villedemaubeuge\/","https:\/\/www.linkedin.com\/company\/42902618\/admin\/","https:\/\/www.youtube.com\/channel\/UCqOferEXg9bqKz_6mzrxN4w","https:\/\/t.me\/villeMaubeuge"]},{"@type":"Person","@id":"","url":"https:\/\/lamallemaubeugeoise.fr\/index.php\/author\/"}]}},"_links":{"self":[{"href":"https:\/\/lamallemaubeugeoise.fr\/index.php\/wp-json\/wp\/v2\/posts\/3077","targetHints":{"allow":["GET"]}}],"collection":[{"href":"https:\/\/lamallemaubeugeoise.fr\/index.php\/wp-json\/wp\/v2\/posts"}],"about":[{"href":"https:\/\/lamallemaubeugeoise.fr\/index.php\/wp-json\/wp\/v2\/types\/post"}],"author":[{"embeddable":true,"href":"https:\/\/lamallemaubeugeoise.fr\/index.php\/wp-json\/wp\/v2\/users\/4"}],"replies":[{"embeddable":true,"href":"https:\/\/lamallemaubeugeoise.fr\/index.php\/wp-json\/wp\/v2\/comments?post=3077"}],"version-history":[{"count":10,"href":"https:\/\/lamallemaubeugeoise.fr\/index.php\/wp-json\/wp\/v2\/posts\/3077\/revisions"}],"predecessor-version":[{"id":3096,"href":"https:\/\/lamallemaubeugeoise.fr\/index.php\/wp-json\/wp\/v2\/posts\/3077\/revisions\/3096"}],"wp:featuredmedia":[{"embeddable":true,"href":"https:\/\/lamallemaubeugeoise.fr\/index.php\/wp-json\/wp\/v2\/media\/3078"}],"wp:attachment":[{"href":"https:\/\/lamallemaubeugeoise.fr\/index.php\/wp-json\/wp\/v2\/media?parent=3077"}],"wp:term":[{"taxonomy":"category","embeddable":true,"href":"https:\/\/lamallemaubeugeoise.fr\/index.php\/wp-json\/wp\/v2\/categories?post=3077"},{"taxonomy":"post_tag","embeddable":true,"href":"https:\/\/lamallemaubeugeoise.fr\/index.php\/wp-json\/wp\/v2\/tags?post=3077"}],"curies":[{"name":"wp","href":"https:\/\/api.w.org\/{rel}","templated":true}]}}