{"id":3090,"date":"2023-05-10T13:32:51","date_gmt":"2023-05-10T11:32:51","guid":{"rendered":"https:\/\/lamallemaubeugeoise.fr\/?p=3090"},"modified":"2023-05-10T13:49:22","modified_gmt":"2023-05-10T11:49:22","slug":"enfant-de-pecheur","status":"publish","type":"post","link":"https:\/\/lamallemaubeugeoise.fr\/index.php\/2023\/05\/10\/enfant-de-pecheur\/","title":{"rendered":"Enfant de p\u00eacheur"},"content":{"rendered":"<p><strong>Emmanuel VILLANIS<\/strong> (1858 &#8211; 1914)<br \/>\n<em>Enfant de p\u00eacheur<\/em>, n.d. (vers 1880 \u2013 90)<br \/>\nBronze<br \/>\nH. 56 cm<br \/>\nMaubeuge, Mus\u00e9e Henri Bo\u00ebz<\/p>\n<p>Cette sculpture en bronze repr\u00e9sente un jeune enfant qui, jambes crois\u00e9es et sourcils fronc\u00e9s, est enti\u00e8rement aspir\u00e9 par sa t\u00e2che\u00a0: celle d\u2019assembler une maquette d\u2019un bateau. L\u2019artiste laisse la part belle \u00e0 la moue enfantine du jeune gar\u00e7on assis sur un modeste tabouret de bois. Les rondeurs de l\u2019enfance sont encore bien pr\u00e9sentes.<\/p>\n<p>L\u2019artiste lillois livre ici une \u0153uvre originale, v\u00e9ritable sc\u00e8ne de genre, qui prend ses distances avec le portrait social du travailleur sans pour autant camoufler la nudit\u00e9 de l\u2019enfant et la simplicit\u00e9 de son assise. Les sculptures rendant hommage au travail, valeur qui conna\u00eet son av\u00e8nement au 19<sup>e<\/sup> si\u00e8cle, sont l\u00e9gions au moment de la cr\u00e9ation de l\u2019\u0153uvre et Constantin Meunier en est l\u2019un des repr\u00e9sentants. Mais ici, le corps \u00e9prouv\u00e9 et muscl\u00e9 de l\u2019ouvrier ou de l\u2019ouvri\u00e8re laisse place \u00e0 un enfant anonyme.<\/p>\n<p>Cette \u0153uvre a \u00e9t\u00e9 mise \u00e0 l\u2019honneur le 13 mai 2023 \u00e0 l\u2019occasion de la Nuit europ\u00e9enne des Mus\u00e9es\u00a0! En effet, ce pastel fait partie du dispositif \u00ab\u00a0La Classe l\u2019\u0153uvre\u00a0!\u00a0\u00bb port\u00e9 par le Minist\u00e8re de la Culture et celui de l\u2019Education et de la Jeunesse. Ce dispositif a permis \u00e0 une classe de d\u00e9couvrir des \u0153uvres et de se faire les m\u00e9diateurs d\u2019un soir. Ce petit audioguide vous permet d\u2019\u00e9couter nos m\u00e9diateurs en herbe &#8230;<\/p>\n<p><strong>Les \u00e9l\u00e8ves de CM1 de l&rsquo;\u00e9cole De Joyeuse de Maubeuge vous pr\u00e9sentent l&rsquo;\u0153uvre <em>Enfant de p\u00eacheur:<\/em><\/strong><\/p>\n<div style=\"width: 580px;\" class=\"wp-video\"><video class=\"wp-video-shortcode\" id=\"video-3090-1\" width=\"580\" height=\"326\" preload=\"metadata\" controls=\"controls\"><source type=\"video\/mp4\" src=\"https:\/\/lamallemaubeugeoise.fr\/wp-content\/uploads\/2023\/05\/Lenfant-de-pecheur.mp4?_=1\" \/><a href=\"https:\/\/lamallemaubeugeoise.fr\/wp-content\/uploads\/2023\/05\/Lenfant-de-pecheur.mp4\">https:\/\/lamallemaubeugeoise.fr\/wp-content\/uploads\/2023\/05\/Lenfant-de-pecheur.mp4<\/a><\/video><\/div>\n","protected":false},"excerpt":{"rendered":"<p>Emmanuel VILLANIS (1858 &#8211; 1914) Enfant de p\u00eacheur, n.d. (vers 1880 \u2013 90) Bronze H. 56 cm Maubeuge, Mus\u00e9e Henri Bo\u00ebz Cette sculpture en bronze repr\u00e9sente un jeune enfant qui, jambes crois\u00e9es et sourcils fronc\u00e9s, est enti\u00e8rement aspir\u00e9 par sa t\u00e2che\u00a0: celle d\u2019assembler une maquette d\u2019un bateau. L\u2019artiste laisse la part belle \u00e0 la moue [&hellip;]<\/p>\n","protected":false},"author":4,"featured_media":3079,"comment_status":"open","ping_status":"open","sticky":false,"template":"","format":"standard","meta":{"footnotes":""},"categories":[14],"tags":[23],"class_list":["post-3090","post","type-post","status-publish","format-standard","has-post-thumbnail","hentry","category-musee","tag-sculpture"],"yoast_head":"<!-- This site is optimized with the Yoast SEO plugin v27.2 - https:\/\/yoast.com\/product\/yoast-seo-wordpress\/ -->\n<title>Emmanuel VILLANIS - Enfant de p\u00eacheur<\/title>\n<meta name=\"description\" content=\"Cette sculpture en bronze repr\u00e9sente un jeune enfant qui, jambes crois\u00e9es et sourcils fronc\u00e9s, est enti\u00e8rement aspir\u00e9 par sa t\u00e2che : celle d\u2019assembler une maquette d\u2019un bateau.\" \/>\n<meta name=\"robots\" content=\"index, follow, max-snippet:-1, max-image-preview:large, max-video-preview:-1\" \/>\n<link rel=\"canonical\" href=\"https:\/\/lamallemaubeugeoise.fr\/index.php\/2023\/05\/10\/enfant-de-pecheur\/\" \/>\n<meta property=\"og:locale\" content=\"fr_FR\" \/>\n<meta property=\"og:type\" content=\"article\" \/>\n<meta property=\"og:title\" content=\"Emmanuel VILLANIS - Enfant de p\u00eacheur\" \/>\n<meta property=\"og:description\" content=\"Cette sculpture en bronze repr\u00e9sente un jeune enfant qui, jambes crois\u00e9es et sourcils fronc\u00e9s, est enti\u00e8rement aspir\u00e9 par sa t\u00e2che : celle d\u2019assembler une maquette d\u2019un bateau.\" \/>\n<meta property=\"og:url\" content=\"https:\/\/lamallemaubeugeoise.fr\/index.php\/2023\/05\/10\/enfant-de-pecheur\/\" \/>\n<meta property=\"og:site_name\" content=\"La Malle maubeugeoise\" \/>\n<meta property=\"article:publisher\" content=\"https:\/\/www.facebook.com\/VilledeMaubeuge\" \/>\n<meta property=\"article:published_time\" content=\"2023-05-10T11:32:51+00:00\" \/>\n<meta property=\"article:modified_time\" content=\"2023-05-10T11:49:22+00:00\" \/>\n<meta property=\"og:image\" content=\"https:\/\/lamallemaubeugeoise.fr\/wp-content\/uploads\/2023\/05\/@FranckBoucourt_VILLANIS_993-1-4.jpg\" \/>\n\t<meta property=\"og:image:width\" content=\"600\" \/>\n\t<meta property=\"og:image:height\" content=\"800\" \/>\n\t<meta property=\"og:image:type\" content=\"image\/jpeg\" \/>\n<meta name=\"twitter:card\" content=\"summary_large_image\" \/>\n<meta name=\"twitter:creator\" content=\"@VilleMaubeuge\" \/>\n<meta name=\"twitter:site\" content=\"@VilleMaubeuge\" \/>\n<meta name=\"twitter:label1\" content=\"\u00c9crit par\" \/>\n\t<meta name=\"twitter:data1\" content=\"\" \/>\n\t<meta name=\"twitter:label2\" content=\"Dur\u00e9e de lecture estim\u00e9e\" \/>\n\t<meta name=\"twitter:data2\" content=\"2 minutes\" \/>\n<script type=\"application\/ld+json\" class=\"yoast-schema-graph\">{\"@context\":\"https:\/\/schema.org\",\"@graph\":[{\"@type\":\"Article\",\"@id\":\"https:\/\/lamallemaubeugeoise.fr\/index.php\/2023\/05\/10\/enfant-de-pecheur\/#article\",\"isPartOf\":{\"@id\":\"https:\/\/lamallemaubeugeoise.fr\/index.php\/2023\/05\/10\/enfant-de-pecheur\/\"},\"author\":{\"name\":\"\",\"@id\":\"\"},\"headline\":\"Enfant de p\u00eacheur\",\"datePublished\":\"2023-05-10T11:32:51+00:00\",\"dateModified\":\"2023-05-10T11:49:22+00:00\",\"mainEntityOfPage\":{\"@id\":\"https:\/\/lamallemaubeugeoise.fr\/index.php\/2023\/05\/10\/enfant-de-pecheur\/\"},\"wordCount\":296,\"commentCount\":0,\"publisher\":{\"@id\":\"https:\/\/lamallemaubeugeoise.fr\/#organization\"},\"image\":{\"@id\":\"https:\/\/lamallemaubeugeoise.fr\/index.php\/2023\/05\/10\/enfant-de-pecheur\/#primaryimage\"},\"thumbnailUrl\":\"https:\/\/lamallemaubeugeoise.fr\/wp-content\/uploads\/2023\/05\/@FranckBoucourt_VILLANIS_993-1-4.jpg\",\"keywords\":[\"sculpture\"],\"articleSection\":[\"Mus\u00e9e\"],\"inLanguage\":\"fr-FR\",\"potentialAction\":[{\"@type\":\"CommentAction\",\"name\":\"Comment\",\"target\":[\"https:\/\/lamallemaubeugeoise.fr\/index.php\/2023\/05\/10\/enfant-de-pecheur\/#respond\"]}]},{\"@type\":\"WebPage\",\"@id\":\"https:\/\/lamallemaubeugeoise.fr\/index.php\/2023\/05\/10\/enfant-de-pecheur\/\",\"url\":\"https:\/\/lamallemaubeugeoise.fr\/index.php\/2023\/05\/10\/enfant-de-pecheur\/\",\"name\":\"Emmanuel VILLANIS - Enfant de p\u00eacheur\",\"isPartOf\":{\"@id\":\"https:\/\/lamallemaubeugeoise.fr\/#website\"},\"primaryImageOfPage\":{\"@id\":\"https:\/\/lamallemaubeugeoise.fr\/index.php\/2023\/05\/10\/enfant-de-pecheur\/#primaryimage\"},\"image\":{\"@id\":\"https:\/\/lamallemaubeugeoise.fr\/index.php\/2023\/05\/10\/enfant-de-pecheur\/#primaryimage\"},\"thumbnailUrl\":\"https:\/\/lamallemaubeugeoise.fr\/wp-content\/uploads\/2023\/05\/@FranckBoucourt_VILLANIS_993-1-4.jpg\",\"datePublished\":\"2023-05-10T11:32:51+00:00\",\"dateModified\":\"2023-05-10T11:49:22+00:00\",\"description\":\"Cette sculpture en bronze repr\u00e9sente un jeune enfant qui, jambes crois\u00e9es et sourcils fronc\u00e9s, est enti\u00e8rement aspir\u00e9 par sa t\u00e2che : celle d\u2019assembler une maquette d\u2019un bateau.\",\"breadcrumb\":{\"@id\":\"https:\/\/lamallemaubeugeoise.fr\/index.php\/2023\/05\/10\/enfant-de-pecheur\/#breadcrumb\"},\"inLanguage\":\"fr-FR\",\"potentialAction\":[{\"@type\":\"ReadAction\",\"target\":[\"https:\/\/lamallemaubeugeoise.fr\/index.php\/2023\/05\/10\/enfant-de-pecheur\/\"]}]},{\"@type\":\"ImageObject\",\"inLanguage\":\"fr-FR\",\"@id\":\"https:\/\/lamallemaubeugeoise.fr\/index.php\/2023\/05\/10\/enfant-de-pecheur\/#primaryimage\",\"url\":\"https:\/\/lamallemaubeugeoise.fr\/wp-content\/uploads\/2023\/05\/@FranckBoucourt_VILLANIS_993-1-4.jpg\",\"contentUrl\":\"https:\/\/lamallemaubeugeoise.fr\/wp-content\/uploads\/2023\/05\/@FranckBoucourt_VILLANIS_993-1-4.jpg\",\"width\":600,\"height\":800,\"caption\":\"\u00a9 Franck Boucourt \/ Mus\u00e9e Henri Bo\u00ebz\"},{\"@type\":\"BreadcrumbList\",\"@id\":\"https:\/\/lamallemaubeugeoise.fr\/index.php\/2023\/05\/10\/enfant-de-pecheur\/#breadcrumb\",\"itemListElement\":[{\"@type\":\"ListItem\",\"position\":1,\"name\":\"Accueil\",\"item\":\"https:\/\/lamallemaubeugeoise.fr\/\"},{\"@type\":\"ListItem\",\"position\":2,\"name\":\"Enfant de p\u00eacheur\"}]},{\"@type\":\"WebSite\",\"@id\":\"https:\/\/lamallemaubeugeoise.fr\/#website\",\"url\":\"https:\/\/lamallemaubeugeoise.fr\/\",\"name\":\"La Malle maubeugeoise\",\"description\":\"\",\"publisher\":{\"@id\":\"https:\/\/lamallemaubeugeoise.fr\/#organization\"},\"potentialAction\":[{\"@type\":\"SearchAction\",\"target\":{\"@type\":\"EntryPoint\",\"urlTemplate\":\"https:\/\/lamallemaubeugeoise.fr\/?s={search_term_string}\"},\"query-input\":{\"@type\":\"PropertyValueSpecification\",\"valueRequired\":true,\"valueName\":\"search_term_string\"}}],\"inLanguage\":\"fr-FR\"},{\"@type\":\"Organization\",\"@id\":\"https:\/\/lamallemaubeugeoise.fr\/#organization\",\"name\":\"La Malle maubeugeoise\",\"url\":\"https:\/\/lamallemaubeugeoise.fr\/\",\"logo\":{\"@type\":\"ImageObject\",\"inLanguage\":\"fr-FR\",\"@id\":\"https:\/\/lamallemaubeugeoise.fr\/#\/schema\/logo\/image\/\",\"url\":\"https:\/\/lamallemaubeugeoise.fr\/wp-content\/uploads\/2022\/09\/logo_culture.png\",\"contentUrl\":\"https:\/\/lamallemaubeugeoise.fr\/wp-content\/uploads\/2022\/09\/logo_culture.png\",\"width\":500,\"height\":270,\"caption\":\"La Malle maubeugeoise\"},\"image\":{\"@id\":\"https:\/\/lamallemaubeugeoise.fr\/#\/schema\/logo\/image\/\"},\"sameAs\":[\"https:\/\/www.facebook.com\/VilledeMaubeuge\",\"https:\/\/x.com\/VilleMaubeuge\",\"https:\/\/www.instagram.com\/villedemaubeuge\/\",\"https:\/\/www.linkedin.com\/company\/42902618\/admin\/\",\"https:\/\/www.youtube.com\/channel\/UCqOferEXg9bqKz_6mzrxN4w\",\"https:\/\/t.me\/villeMaubeuge\"]},{\"@type\":\"Person\",\"@id\":\"\",\"url\":\"https:\/\/lamallemaubeugeoise.fr\/index.php\/author\/\"}]}<\/script>\n<!-- \/ Yoast SEO plugin. -->","yoast_head_json":{"title":"Emmanuel VILLANIS - Enfant de p\u00eacheur","description":"Cette sculpture en bronze repr\u00e9sente un jeune enfant qui, jambes crois\u00e9es et sourcils fronc\u00e9s, est enti\u00e8rement aspir\u00e9 par sa t\u00e2che : celle d\u2019assembler une maquette d\u2019un bateau.","robots":{"index":"index","follow":"follow","max-snippet":"max-snippet:-1","max-image-preview":"max-image-preview:large","max-video-preview":"max-video-preview:-1"},"canonical":"https:\/\/lamallemaubeugeoise.fr\/index.php\/2023\/05\/10\/enfant-de-pecheur\/","og_locale":"fr_FR","og_type":"article","og_title":"Emmanuel VILLANIS - Enfant de p\u00eacheur","og_description":"Cette sculpture en bronze repr\u00e9sente un jeune enfant qui, jambes crois\u00e9es et sourcils fronc\u00e9s, est enti\u00e8rement aspir\u00e9 par sa t\u00e2che : celle d\u2019assembler une maquette d\u2019un bateau.","og_url":"https:\/\/lamallemaubeugeoise.fr\/index.php\/2023\/05\/10\/enfant-de-pecheur\/","og_site_name":"La Malle maubeugeoise","article_publisher":"https:\/\/www.facebook.com\/VilledeMaubeuge","article_published_time":"2023-05-10T11:32:51+00:00","article_modified_time":"2023-05-10T11:49:22+00:00","og_image":[{"width":600,"height":800,"url":"https:\/\/lamallemaubeugeoise.fr\/wp-content\/uploads\/2023\/05\/@FranckBoucourt_VILLANIS_993-1-4.jpg","type":"image\/jpeg"}],"twitter_card":"summary_large_image","twitter_creator":"@VilleMaubeuge","twitter_site":"@VilleMaubeuge","twitter_misc":{"\u00c9crit par":"","Dur\u00e9e de lecture estim\u00e9e":"2 minutes"},"schema":{"@context":"https:\/\/schema.org","@graph":[{"@type":"Article","@id":"https:\/\/lamallemaubeugeoise.fr\/index.php\/2023\/05\/10\/enfant-de-pecheur\/#article","isPartOf":{"@id":"https:\/\/lamallemaubeugeoise.fr\/index.php\/2023\/05\/10\/enfant-de-pecheur\/"},"author":{"name":"","@id":""},"headline":"Enfant de p\u00eacheur","datePublished":"2023-05-10T11:32:51+00:00","dateModified":"2023-05-10T11:49:22+00:00","mainEntityOfPage":{"@id":"https:\/\/lamallemaubeugeoise.fr\/index.php\/2023\/05\/10\/enfant-de-pecheur\/"},"wordCount":296,"commentCount":0,"publisher":{"@id":"https:\/\/lamallemaubeugeoise.fr\/#organization"},"image":{"@id":"https:\/\/lamallemaubeugeoise.fr\/index.php\/2023\/05\/10\/enfant-de-pecheur\/#primaryimage"},"thumbnailUrl":"https:\/\/lamallemaubeugeoise.fr\/wp-content\/uploads\/2023\/05\/@FranckBoucourt_VILLANIS_993-1-4.jpg","keywords":["sculpture"],"articleSection":["Mus\u00e9e"],"inLanguage":"fr-FR","potentialAction":[{"@type":"CommentAction","name":"Comment","target":["https:\/\/lamallemaubeugeoise.fr\/index.php\/2023\/05\/10\/enfant-de-pecheur\/#respond"]}]},{"@type":"WebPage","@id":"https:\/\/lamallemaubeugeoise.fr\/index.php\/2023\/05\/10\/enfant-de-pecheur\/","url":"https:\/\/lamallemaubeugeoise.fr\/index.php\/2023\/05\/10\/enfant-de-pecheur\/","name":"Emmanuel VILLANIS - Enfant de p\u00eacheur","isPartOf":{"@id":"https:\/\/lamallemaubeugeoise.fr\/#website"},"primaryImageOfPage":{"@id":"https:\/\/lamallemaubeugeoise.fr\/index.php\/2023\/05\/10\/enfant-de-pecheur\/#primaryimage"},"image":{"@id":"https:\/\/lamallemaubeugeoise.fr\/index.php\/2023\/05\/10\/enfant-de-pecheur\/#primaryimage"},"thumbnailUrl":"https:\/\/lamallemaubeugeoise.fr\/wp-content\/uploads\/2023\/05\/@FranckBoucourt_VILLANIS_993-1-4.jpg","datePublished":"2023-05-10T11:32:51+00:00","dateModified":"2023-05-10T11:49:22+00:00","description":"Cette sculpture en bronze repr\u00e9sente un jeune enfant qui, jambes crois\u00e9es et sourcils fronc\u00e9s, est enti\u00e8rement aspir\u00e9 par sa t\u00e2che : celle d\u2019assembler une maquette d\u2019un bateau.","breadcrumb":{"@id":"https:\/\/lamallemaubeugeoise.fr\/index.php\/2023\/05\/10\/enfant-de-pecheur\/#breadcrumb"},"inLanguage":"fr-FR","potentialAction":[{"@type":"ReadAction","target":["https:\/\/lamallemaubeugeoise.fr\/index.php\/2023\/05\/10\/enfant-de-pecheur\/"]}]},{"@type":"ImageObject","inLanguage":"fr-FR","@id":"https:\/\/lamallemaubeugeoise.fr\/index.php\/2023\/05\/10\/enfant-de-pecheur\/#primaryimage","url":"https:\/\/lamallemaubeugeoise.fr\/wp-content\/uploads\/2023\/05\/@FranckBoucourt_VILLANIS_993-1-4.jpg","contentUrl":"https:\/\/lamallemaubeugeoise.fr\/wp-content\/uploads\/2023\/05\/@FranckBoucourt_VILLANIS_993-1-4.jpg","width":600,"height":800,"caption":"\u00a9 Franck Boucourt \/ Mus\u00e9e Henri Bo\u00ebz"},{"@type":"BreadcrumbList","@id":"https:\/\/lamallemaubeugeoise.fr\/index.php\/2023\/05\/10\/enfant-de-pecheur\/#breadcrumb","itemListElement":[{"@type":"ListItem","position":1,"name":"Accueil","item":"https:\/\/lamallemaubeugeoise.fr\/"},{"@type":"ListItem","position":2,"name":"Enfant de p\u00eacheur"}]},{"@type":"WebSite","@id":"https:\/\/lamallemaubeugeoise.fr\/#website","url":"https:\/\/lamallemaubeugeoise.fr\/","name":"La Malle maubeugeoise","description":"","publisher":{"@id":"https:\/\/lamallemaubeugeoise.fr\/#organization"},"potentialAction":[{"@type":"SearchAction","target":{"@type":"EntryPoint","urlTemplate":"https:\/\/lamallemaubeugeoise.fr\/?s={search_term_string}"},"query-input":{"@type":"PropertyValueSpecification","valueRequired":true,"valueName":"search_term_string"}}],"inLanguage":"fr-FR"},{"@type":"Organization","@id":"https:\/\/lamallemaubeugeoise.fr\/#organization","name":"La Malle maubeugeoise","url":"https:\/\/lamallemaubeugeoise.fr\/","logo":{"@type":"ImageObject","inLanguage":"fr-FR","@id":"https:\/\/lamallemaubeugeoise.fr\/#\/schema\/logo\/image\/","url":"https:\/\/lamallemaubeugeoise.fr\/wp-content\/uploads\/2022\/09\/logo_culture.png","contentUrl":"https:\/\/lamallemaubeugeoise.fr\/wp-content\/uploads\/2022\/09\/logo_culture.png","width":500,"height":270,"caption":"La Malle maubeugeoise"},"image":{"@id":"https:\/\/lamallemaubeugeoise.fr\/#\/schema\/logo\/image\/"},"sameAs":["https:\/\/www.facebook.com\/VilledeMaubeuge","https:\/\/x.com\/VilleMaubeuge","https:\/\/www.instagram.com\/villedemaubeuge\/","https:\/\/www.linkedin.com\/company\/42902618\/admin\/","https:\/\/www.youtube.com\/channel\/UCqOferEXg9bqKz_6mzrxN4w","https:\/\/t.me\/villeMaubeuge"]},{"@type":"Person","@id":"","url":"https:\/\/lamallemaubeugeoise.fr\/index.php\/author\/"}]}},"_links":{"self":[{"href":"https:\/\/lamallemaubeugeoise.fr\/index.php\/wp-json\/wp\/v2\/posts\/3090","targetHints":{"allow":["GET"]}}],"collection":[{"href":"https:\/\/lamallemaubeugeoise.fr\/index.php\/wp-json\/wp\/v2\/posts"}],"about":[{"href":"https:\/\/lamallemaubeugeoise.fr\/index.php\/wp-json\/wp\/v2\/types\/post"}],"author":[{"embeddable":true,"href":"https:\/\/lamallemaubeugeoise.fr\/index.php\/wp-json\/wp\/v2\/users\/4"}],"replies":[{"embeddable":true,"href":"https:\/\/lamallemaubeugeoise.fr\/index.php\/wp-json\/wp\/v2\/comments?post=3090"}],"version-history":[{"count":3,"href":"https:\/\/lamallemaubeugeoise.fr\/index.php\/wp-json\/wp\/v2\/posts\/3090\/revisions"}],"predecessor-version":[{"id":3097,"href":"https:\/\/lamallemaubeugeoise.fr\/index.php\/wp-json\/wp\/v2\/posts\/3090\/revisions\/3097"}],"wp:featuredmedia":[{"embeddable":true,"href":"https:\/\/lamallemaubeugeoise.fr\/index.php\/wp-json\/wp\/v2\/media\/3079"}],"wp:attachment":[{"href":"https:\/\/lamallemaubeugeoise.fr\/index.php\/wp-json\/wp\/v2\/media?parent=3090"}],"wp:term":[{"taxonomy":"category","embeddable":true,"href":"https:\/\/lamallemaubeugeoise.fr\/index.php\/wp-json\/wp\/v2\/categories?post=3090"},{"taxonomy":"post_tag","embeddable":true,"href":"https:\/\/lamallemaubeugeoise.fr\/index.php\/wp-json\/wp\/v2\/tags?post=3090"}],"curies":[{"name":"wp","href":"https:\/\/api.w.org\/{rel}","templated":true}]}}