{"id":3289,"date":"2025-03-12T12:02:00","date_gmt":"2025-03-12T11:02:00","guid":{"rendered":"https:\/\/lamallemaubeugeoise.fr\/?p=3289"},"modified":"2025-03-12T12:02:01","modified_gmt":"2025-03-12T11:02:01","slug":"monument-commemoratif-de-la-bataille-de-wattignies","status":"publish","type":"post","link":"https:\/\/lamallemaubeugeoise.fr\/index.php\/2025\/03\/12\/monument-commemoratif-de-la-bataille-de-wattignies\/","title":{"rendered":"Monument comm\u00e9moratif de la bataille de Wattignies"},"content":{"rendered":"\n<p>\u0152uvre du sculpteur L\u00e9on FAGEL, cet \u00e9difice maubeugeois embl\u00e9matique a \u00e9t\u00e9 \u00e9rig\u00e9 pour c\u00e9l\u00e9brer le centenaire de la victoire de Wattignies. La bataille a eu lieu les 15 et 16 octobre 1793, \u00e0 Wattignies dans la campagne avesnoise, opposant les arm\u00e9es r\u00e9volutionnaires fran\u00e7aises aux troupes autrichiennes.<\/p>\n\n\n\n<p>Au front du monument, nous pouvons retrouver Lazare Carnot, membre du Comit\u00e9 de salut public, et les g\u00e9n\u00e9raux Jean-Baptiste Jourdan et Florent Duquesnoy.<\/p>\n\n\n\n<p>Au sommet, un soldat de l\u2019An II crie \u00ab&nbsp;Victoire&nbsp;\u00bb. A l\u2019arri\u00e8re du monument, on retrouve le petit tambour Sthrau.<\/p>\n\n\n\n<p>A l\u2019occasion du 230<sup>\u00e8me<\/sup> anniversaire de la victoire de Wattignies, le monument a \u00e9t\u00e9 restaur\u00e9 et inaugur\u00e9 le 15 octobre 2023.<\/p>\n\n\n\n<p>L\u00e9on Fagel est n\u00e9 le 19 janvier 1851 \u00e0 Valenciennes et est d\u00e9c\u00e9d\u00e9 le 20 mars 1913 \u00e0 Cousolre. Il est notamment connu pour ses sculptures, notamment ses bustes, statues et monuments.<\/p>\n\n\n\n<p>Fagel a \u00e9tudi\u00e9 la sculpture \u00e0 l\u2019Ecole acad\u00e9mique de Valenciennes. En 1879, il remporte le premier prix de Rome avec le haut-relief \u00ab&nbsp;Le jeune Tobie rendant la vue \u00e0 son p\u00e8re&nbsp;\u00bb.<\/p>\n\n\n\n<p>Fagel a \u00e9t\u00e9 fait chevalier de la L\u00e9gion d\u2019honneur en 1893 et officier en 1903.<\/p>\n","protected":false},"excerpt":{"rendered":"<p>\u0152uvre du sculpteur L\u00e9on FAGEL, cet \u00e9difice maubeugeois embl\u00e9matique a \u00e9t\u00e9 \u00e9rig\u00e9 pour c\u00e9l\u00e9brer le centenaire de la victoire de Wattignies. La bataille a eu lieu les 15 et 16 octobre 1793, \u00e0 Wattignies dans la campagne avesnoise, opposant les arm\u00e9es r\u00e9volutionnaires fran\u00e7aises aux troupes autrichiennes. Au front du monument, nous pouvons retrouver Lazare Carnot, [&hellip;]<\/p>\n","protected":false},"author":1,"featured_media":3290,"comment_status":"open","ping_status":"open","sticky":false,"template":"","format":"standard","meta":{"footnotes":""},"categories":[39],"tags":[],"class_list":["post-3289","post","type-post","status-publish","format-standard","has-post-thumbnail","hentry","category-patrimoine"],"yoast_head":"<!-- This site is optimized with the Yoast SEO plugin v27.2 - https:\/\/yoast.com\/product\/yoast-seo-wordpress\/ -->\n<title>Monument comm\u00e9moratif de la bataille de Wattignies - La Malle maubeugeoise<\/title>\n<meta name=\"robots\" content=\"index, follow, max-snippet:-1, max-image-preview:large, max-video-preview:-1\" \/>\n<link rel=\"canonical\" href=\"https:\/\/lamallemaubeugeoise.fr\/index.php\/2025\/03\/12\/monument-commemoratif-de-la-bataille-de-wattignies\/\" \/>\n<meta property=\"og:locale\" content=\"fr_FR\" \/>\n<meta property=\"og:type\" content=\"article\" \/>\n<meta property=\"og:title\" content=\"Monument comm\u00e9moratif de la bataille de Wattignies - La Malle maubeugeoise\" \/>\n<meta property=\"og:description\" content=\"\u0152uvre du sculpteur L\u00e9on FAGEL, cet \u00e9difice maubeugeois embl\u00e9matique a \u00e9t\u00e9 \u00e9rig\u00e9 pour c\u00e9l\u00e9brer le centenaire de la victoire de Wattignies. La bataille a eu lieu les 15 et 16 octobre 1793, \u00e0 Wattignies dans la campagne avesnoise, opposant les arm\u00e9es r\u00e9volutionnaires fran\u00e7aises aux troupes autrichiennes. Au front du monument, nous pouvons retrouver Lazare Carnot, [&hellip;]\" \/>\n<meta property=\"og:url\" content=\"https:\/\/lamallemaubeugeoise.fr\/index.php\/2025\/03\/12\/monument-commemoratif-de-la-bataille-de-wattignies\/\" \/>\n<meta property=\"og:site_name\" content=\"La Malle maubeugeoise\" \/>\n<meta property=\"article:publisher\" content=\"https:\/\/www.facebook.com\/VilledeMaubeuge\" \/>\n<meta property=\"article:published_time\" content=\"2025-03-12T11:02:00+00:00\" \/>\n<meta property=\"article:modified_time\" content=\"2025-03-12T11:02:01+00:00\" \/>\n<meta property=\"og:image\" content=\"https:\/\/lamallemaubeugeoise.fr\/wp-content\/uploads\/2025\/03\/Capture-decran-2025-03-12-a-11.01.17.webp\" \/>\n\t<meta property=\"og:image:width\" content=\"866\" \/>\n\t<meta property=\"og:image:height\" content=\"1154\" \/>\n\t<meta property=\"og:image:type\" content=\"image\/webp\" \/>\n<meta name=\"author\" content=\"admin\" \/>\n<meta name=\"twitter:card\" content=\"summary_large_image\" \/>\n<meta name=\"twitter:creator\" content=\"@VilleMaubeuge\" \/>\n<meta name=\"twitter:site\" content=\"@VilleMaubeuge\" \/>\n<meta name=\"twitter:label1\" content=\"\u00c9crit par\" \/>\n\t<meta name=\"twitter:data1\" content=\"admin\" \/>\n\t<meta name=\"twitter:label2\" content=\"Dur\u00e9e de lecture estim\u00e9e\" \/>\n\t<meta name=\"twitter:data2\" content=\"2 minutes\" \/>\n<script type=\"application\/ld+json\" class=\"yoast-schema-graph\">{\"@context\":\"https:\/\/schema.org\",\"@graph\":[{\"@type\":\"Article\",\"@id\":\"https:\/\/lamallemaubeugeoise.fr\/index.php\/2025\/03\/12\/monument-commemoratif-de-la-bataille-de-wattignies\/#article\",\"isPartOf\":{\"@id\":\"https:\/\/lamallemaubeugeoise.fr\/index.php\/2025\/03\/12\/monument-commemoratif-de-la-bataille-de-wattignies\/\"},\"author\":{\"name\":\"admin\",\"@id\":\"https:\/\/lamallemaubeugeoise.fr\/#\/schema\/person\/c85f1f679814a3351ebe6f86d26e43cf\"},\"headline\":\"Monument comm\u00e9moratif de la bataille de Wattignies\",\"datePublished\":\"2025-03-12T11:02:00+00:00\",\"dateModified\":\"2025-03-12T11:02:01+00:00\",\"mainEntityOfPage\":{\"@id\":\"https:\/\/lamallemaubeugeoise.fr\/index.php\/2025\/03\/12\/monument-commemoratif-de-la-bataille-de-wattignies\/\"},\"wordCount\":203,\"commentCount\":0,\"publisher\":{\"@id\":\"https:\/\/lamallemaubeugeoise.fr\/#organization\"},\"image\":{\"@id\":\"https:\/\/lamallemaubeugeoise.fr\/index.php\/2025\/03\/12\/monument-commemoratif-de-la-bataille-de-wattignies\/#primaryimage\"},\"thumbnailUrl\":\"https:\/\/lamallemaubeugeoise.fr\/wp-content\/uploads\/2025\/03\/Capture-decran-2025-03-12-a-11.01.17.webp\",\"articleSection\":[\"Patrimoine\"],\"inLanguage\":\"fr-FR\",\"potentialAction\":[{\"@type\":\"CommentAction\",\"name\":\"Comment\",\"target\":[\"https:\/\/lamallemaubeugeoise.fr\/index.php\/2025\/03\/12\/monument-commemoratif-de-la-bataille-de-wattignies\/#respond\"]}]},{\"@type\":\"WebPage\",\"@id\":\"https:\/\/lamallemaubeugeoise.fr\/index.php\/2025\/03\/12\/monument-commemoratif-de-la-bataille-de-wattignies\/\",\"url\":\"https:\/\/lamallemaubeugeoise.fr\/index.php\/2025\/03\/12\/monument-commemoratif-de-la-bataille-de-wattignies\/\",\"name\":\"Monument comm\u00e9moratif de la bataille de Wattignies - La Malle maubeugeoise\",\"isPartOf\":{\"@id\":\"https:\/\/lamallemaubeugeoise.fr\/#website\"},\"primaryImageOfPage\":{\"@id\":\"https:\/\/lamallemaubeugeoise.fr\/index.php\/2025\/03\/12\/monument-commemoratif-de-la-bataille-de-wattignies\/#primaryimage\"},\"image\":{\"@id\":\"https:\/\/lamallemaubeugeoise.fr\/index.php\/2025\/03\/12\/monument-commemoratif-de-la-bataille-de-wattignies\/#primaryimage\"},\"thumbnailUrl\":\"https:\/\/lamallemaubeugeoise.fr\/wp-content\/uploads\/2025\/03\/Capture-decran-2025-03-12-a-11.01.17.webp\",\"datePublished\":\"2025-03-12T11:02:00+00:00\",\"dateModified\":\"2025-03-12T11:02:01+00:00\",\"breadcrumb\":{\"@id\":\"https:\/\/lamallemaubeugeoise.fr\/index.php\/2025\/03\/12\/monument-commemoratif-de-la-bataille-de-wattignies\/#breadcrumb\"},\"inLanguage\":\"fr-FR\",\"potentialAction\":[{\"@type\":\"ReadAction\",\"target\":[\"https:\/\/lamallemaubeugeoise.fr\/index.php\/2025\/03\/12\/monument-commemoratif-de-la-bataille-de-wattignies\/\"]}]},{\"@type\":\"ImageObject\",\"inLanguage\":\"fr-FR\",\"@id\":\"https:\/\/lamallemaubeugeoise.fr\/index.php\/2025\/03\/12\/monument-commemoratif-de-la-bataille-de-wattignies\/#primaryimage\",\"url\":\"https:\/\/lamallemaubeugeoise.fr\/wp-content\/uploads\/2025\/03\/Capture-decran-2025-03-12-a-11.01.17.webp\",\"contentUrl\":\"https:\/\/lamallemaubeugeoise.fr\/wp-content\/uploads\/2025\/03\/Capture-decran-2025-03-12-a-11.01.17.webp\",\"width\":866,\"height\":1154},{\"@type\":\"BreadcrumbList\",\"@id\":\"https:\/\/lamallemaubeugeoise.fr\/index.php\/2025\/03\/12\/monument-commemoratif-de-la-bataille-de-wattignies\/#breadcrumb\",\"itemListElement\":[{\"@type\":\"ListItem\",\"position\":1,\"name\":\"Accueil\",\"item\":\"https:\/\/lamallemaubeugeoise.fr\/\"},{\"@type\":\"ListItem\",\"position\":2,\"name\":\"Monument comm\u00e9moratif de la bataille de Wattignies\"}]},{\"@type\":\"WebSite\",\"@id\":\"https:\/\/lamallemaubeugeoise.fr\/#website\",\"url\":\"https:\/\/lamallemaubeugeoise.fr\/\",\"name\":\"La Malle maubeugeoise\",\"description\":\"\",\"publisher\":{\"@id\":\"https:\/\/lamallemaubeugeoise.fr\/#organization\"},\"potentialAction\":[{\"@type\":\"SearchAction\",\"target\":{\"@type\":\"EntryPoint\",\"urlTemplate\":\"https:\/\/lamallemaubeugeoise.fr\/?s={search_term_string}\"},\"query-input\":{\"@type\":\"PropertyValueSpecification\",\"valueRequired\":true,\"valueName\":\"search_term_string\"}}],\"inLanguage\":\"fr-FR\"},{\"@type\":\"Organization\",\"@id\":\"https:\/\/lamallemaubeugeoise.fr\/#organization\",\"name\":\"La Malle maubeugeoise\",\"url\":\"https:\/\/lamallemaubeugeoise.fr\/\",\"logo\":{\"@type\":\"ImageObject\",\"inLanguage\":\"fr-FR\",\"@id\":\"https:\/\/lamallemaubeugeoise.fr\/#\/schema\/logo\/image\/\",\"url\":\"https:\/\/lamallemaubeugeoise.fr\/wp-content\/uploads\/2022\/09\/logo_culture.png\",\"contentUrl\":\"https:\/\/lamallemaubeugeoise.fr\/wp-content\/uploads\/2022\/09\/logo_culture.png\",\"width\":500,\"height\":270,\"caption\":\"La Malle maubeugeoise\"},\"image\":{\"@id\":\"https:\/\/lamallemaubeugeoise.fr\/#\/schema\/logo\/image\/\"},\"sameAs\":[\"https:\/\/www.facebook.com\/VilledeMaubeuge\",\"https:\/\/x.com\/VilleMaubeuge\",\"https:\/\/www.instagram.com\/villedemaubeuge\/\",\"https:\/\/www.linkedin.com\/company\/42902618\/admin\/\",\"https:\/\/www.youtube.com\/channel\/UCqOferEXg9bqKz_6mzrxN4w\",\"https:\/\/t.me\/villeMaubeuge\"]},{\"@type\":\"Person\",\"@id\":\"https:\/\/lamallemaubeugeoise.fr\/#\/schema\/person\/c85f1f679814a3351ebe6f86d26e43cf\",\"name\":\"admin\",\"image\":{\"@type\":\"ImageObject\",\"inLanguage\":\"fr-FR\",\"@id\":\"https:\/\/secure.gravatar.com\/avatar\/5d6e3987e8e25a315d682f5d3c630367068e3c5a02db59772df55f9ef37cf710?s=96&d=mm&r=g\",\"url\":\"https:\/\/secure.gravatar.com\/avatar\/5d6e3987e8e25a315d682f5d3c630367068e3c5a02db59772df55f9ef37cf710?s=96&d=mm&r=g\",\"contentUrl\":\"https:\/\/secure.gravatar.com\/avatar\/5d6e3987e8e25a315d682f5d3c630367068e3c5a02db59772df55f9ef37cf710?s=96&d=mm&r=g\",\"caption\":\"admin\"},\"sameAs\":[\"https:\/\/lamallemaubeugeoise.fr\"],\"url\":\"https:\/\/lamallemaubeugeoise.fr\/index.php\/author\/martial\/\"}]}<\/script>\n<!-- \/ Yoast SEO plugin. -->","yoast_head_json":{"title":"Monument comm\u00e9moratif de la bataille de Wattignies - La Malle maubeugeoise","robots":{"index":"index","follow":"follow","max-snippet":"max-snippet:-1","max-image-preview":"max-image-preview:large","max-video-preview":"max-video-preview:-1"},"canonical":"https:\/\/lamallemaubeugeoise.fr\/index.php\/2025\/03\/12\/monument-commemoratif-de-la-bataille-de-wattignies\/","og_locale":"fr_FR","og_type":"article","og_title":"Monument comm\u00e9moratif de la bataille de Wattignies - La Malle maubeugeoise","og_description":"\u0152uvre du sculpteur L\u00e9on FAGEL, cet \u00e9difice maubeugeois embl\u00e9matique a \u00e9t\u00e9 \u00e9rig\u00e9 pour c\u00e9l\u00e9brer le centenaire de la victoire de Wattignies. La bataille a eu lieu les 15 et 16 octobre 1793, \u00e0 Wattignies dans la campagne avesnoise, opposant les arm\u00e9es r\u00e9volutionnaires fran\u00e7aises aux troupes autrichiennes. Au front du monument, nous pouvons retrouver Lazare Carnot, [&hellip;]","og_url":"https:\/\/lamallemaubeugeoise.fr\/index.php\/2025\/03\/12\/monument-commemoratif-de-la-bataille-de-wattignies\/","og_site_name":"La Malle maubeugeoise","article_publisher":"https:\/\/www.facebook.com\/VilledeMaubeuge","article_published_time":"2025-03-12T11:02:00+00:00","article_modified_time":"2025-03-12T11:02:01+00:00","og_image":[{"width":866,"height":1154,"url":"https:\/\/lamallemaubeugeoise.fr\/wp-content\/uploads\/2025\/03\/Capture-decran-2025-03-12-a-11.01.17.webp","type":"image\/webp"}],"author":"admin","twitter_card":"summary_large_image","twitter_creator":"@VilleMaubeuge","twitter_site":"@VilleMaubeuge","twitter_misc":{"\u00c9crit par":"admin","Dur\u00e9e de lecture estim\u00e9e":"2 minutes"},"schema":{"@context":"https:\/\/schema.org","@graph":[{"@type":"Article","@id":"https:\/\/lamallemaubeugeoise.fr\/index.php\/2025\/03\/12\/monument-commemoratif-de-la-bataille-de-wattignies\/#article","isPartOf":{"@id":"https:\/\/lamallemaubeugeoise.fr\/index.php\/2025\/03\/12\/monument-commemoratif-de-la-bataille-de-wattignies\/"},"author":{"name":"admin","@id":"https:\/\/lamallemaubeugeoise.fr\/#\/schema\/person\/c85f1f679814a3351ebe6f86d26e43cf"},"headline":"Monument comm\u00e9moratif de la bataille de Wattignies","datePublished":"2025-03-12T11:02:00+00:00","dateModified":"2025-03-12T11:02:01+00:00","mainEntityOfPage":{"@id":"https:\/\/lamallemaubeugeoise.fr\/index.php\/2025\/03\/12\/monument-commemoratif-de-la-bataille-de-wattignies\/"},"wordCount":203,"commentCount":0,"publisher":{"@id":"https:\/\/lamallemaubeugeoise.fr\/#organization"},"image":{"@id":"https:\/\/lamallemaubeugeoise.fr\/index.php\/2025\/03\/12\/monument-commemoratif-de-la-bataille-de-wattignies\/#primaryimage"},"thumbnailUrl":"https:\/\/lamallemaubeugeoise.fr\/wp-content\/uploads\/2025\/03\/Capture-decran-2025-03-12-a-11.01.17.webp","articleSection":["Patrimoine"],"inLanguage":"fr-FR","potentialAction":[{"@type":"CommentAction","name":"Comment","target":["https:\/\/lamallemaubeugeoise.fr\/index.php\/2025\/03\/12\/monument-commemoratif-de-la-bataille-de-wattignies\/#respond"]}]},{"@type":"WebPage","@id":"https:\/\/lamallemaubeugeoise.fr\/index.php\/2025\/03\/12\/monument-commemoratif-de-la-bataille-de-wattignies\/","url":"https:\/\/lamallemaubeugeoise.fr\/index.php\/2025\/03\/12\/monument-commemoratif-de-la-bataille-de-wattignies\/","name":"Monument comm\u00e9moratif de la bataille de Wattignies - La Malle maubeugeoise","isPartOf":{"@id":"https:\/\/lamallemaubeugeoise.fr\/#website"},"primaryImageOfPage":{"@id":"https:\/\/lamallemaubeugeoise.fr\/index.php\/2025\/03\/12\/monument-commemoratif-de-la-bataille-de-wattignies\/#primaryimage"},"image":{"@id":"https:\/\/lamallemaubeugeoise.fr\/index.php\/2025\/03\/12\/monument-commemoratif-de-la-bataille-de-wattignies\/#primaryimage"},"thumbnailUrl":"https:\/\/lamallemaubeugeoise.fr\/wp-content\/uploads\/2025\/03\/Capture-decran-2025-03-12-a-11.01.17.webp","datePublished":"2025-03-12T11:02:00+00:00","dateModified":"2025-03-12T11:02:01+00:00","breadcrumb":{"@id":"https:\/\/lamallemaubeugeoise.fr\/index.php\/2025\/03\/12\/monument-commemoratif-de-la-bataille-de-wattignies\/#breadcrumb"},"inLanguage":"fr-FR","potentialAction":[{"@type":"ReadAction","target":["https:\/\/lamallemaubeugeoise.fr\/index.php\/2025\/03\/12\/monument-commemoratif-de-la-bataille-de-wattignies\/"]}]},{"@type":"ImageObject","inLanguage":"fr-FR","@id":"https:\/\/lamallemaubeugeoise.fr\/index.php\/2025\/03\/12\/monument-commemoratif-de-la-bataille-de-wattignies\/#primaryimage","url":"https:\/\/lamallemaubeugeoise.fr\/wp-content\/uploads\/2025\/03\/Capture-decran-2025-03-12-a-11.01.17.webp","contentUrl":"https:\/\/lamallemaubeugeoise.fr\/wp-content\/uploads\/2025\/03\/Capture-decran-2025-03-12-a-11.01.17.webp","width":866,"height":1154},{"@type":"BreadcrumbList","@id":"https:\/\/lamallemaubeugeoise.fr\/index.php\/2025\/03\/12\/monument-commemoratif-de-la-bataille-de-wattignies\/#breadcrumb","itemListElement":[{"@type":"ListItem","position":1,"name":"Accueil","item":"https:\/\/lamallemaubeugeoise.fr\/"},{"@type":"ListItem","position":2,"name":"Monument comm\u00e9moratif de la bataille de Wattignies"}]},{"@type":"WebSite","@id":"https:\/\/lamallemaubeugeoise.fr\/#website","url":"https:\/\/lamallemaubeugeoise.fr\/","name":"La Malle maubeugeoise","description":"","publisher":{"@id":"https:\/\/lamallemaubeugeoise.fr\/#organization"},"potentialAction":[{"@type":"SearchAction","target":{"@type":"EntryPoint","urlTemplate":"https:\/\/lamallemaubeugeoise.fr\/?s={search_term_string}"},"query-input":{"@type":"PropertyValueSpecification","valueRequired":true,"valueName":"search_term_string"}}],"inLanguage":"fr-FR"},{"@type":"Organization","@id":"https:\/\/lamallemaubeugeoise.fr\/#organization","name":"La Malle maubeugeoise","url":"https:\/\/lamallemaubeugeoise.fr\/","logo":{"@type":"ImageObject","inLanguage":"fr-FR","@id":"https:\/\/lamallemaubeugeoise.fr\/#\/schema\/logo\/image\/","url":"https:\/\/lamallemaubeugeoise.fr\/wp-content\/uploads\/2022\/09\/logo_culture.png","contentUrl":"https:\/\/lamallemaubeugeoise.fr\/wp-content\/uploads\/2022\/09\/logo_culture.png","width":500,"height":270,"caption":"La Malle maubeugeoise"},"image":{"@id":"https:\/\/lamallemaubeugeoise.fr\/#\/schema\/logo\/image\/"},"sameAs":["https:\/\/www.facebook.com\/VilledeMaubeuge","https:\/\/x.com\/VilleMaubeuge","https:\/\/www.instagram.com\/villedemaubeuge\/","https:\/\/www.linkedin.com\/company\/42902618\/admin\/","https:\/\/www.youtube.com\/channel\/UCqOferEXg9bqKz_6mzrxN4w","https:\/\/t.me\/villeMaubeuge"]},{"@type":"Person","@id":"https:\/\/lamallemaubeugeoise.fr\/#\/schema\/person\/c85f1f679814a3351ebe6f86d26e43cf","name":"admin","image":{"@type":"ImageObject","inLanguage":"fr-FR","@id":"https:\/\/secure.gravatar.com\/avatar\/5d6e3987e8e25a315d682f5d3c630367068e3c5a02db59772df55f9ef37cf710?s=96&d=mm&r=g","url":"https:\/\/secure.gravatar.com\/avatar\/5d6e3987e8e25a315d682f5d3c630367068e3c5a02db59772df55f9ef37cf710?s=96&d=mm&r=g","contentUrl":"https:\/\/secure.gravatar.com\/avatar\/5d6e3987e8e25a315d682f5d3c630367068e3c5a02db59772df55f9ef37cf710?s=96&d=mm&r=g","caption":"admin"},"sameAs":["https:\/\/lamallemaubeugeoise.fr"],"url":"https:\/\/lamallemaubeugeoise.fr\/index.php\/author\/martial\/"}]}},"_links":{"self":[{"href":"https:\/\/lamallemaubeugeoise.fr\/index.php\/wp-json\/wp\/v2\/posts\/3289","targetHints":{"allow":["GET"]}}],"collection":[{"href":"https:\/\/lamallemaubeugeoise.fr\/index.php\/wp-json\/wp\/v2\/posts"}],"about":[{"href":"https:\/\/lamallemaubeugeoise.fr\/index.php\/wp-json\/wp\/v2\/types\/post"}],"author":[{"embeddable":true,"href":"https:\/\/lamallemaubeugeoise.fr\/index.php\/wp-json\/wp\/v2\/users\/1"}],"replies":[{"embeddable":true,"href":"https:\/\/lamallemaubeugeoise.fr\/index.php\/wp-json\/wp\/v2\/comments?post=3289"}],"version-history":[{"count":1,"href":"https:\/\/lamallemaubeugeoise.fr\/index.php\/wp-json\/wp\/v2\/posts\/3289\/revisions"}],"predecessor-version":[{"id":3291,"href":"https:\/\/lamallemaubeugeoise.fr\/index.php\/wp-json\/wp\/v2\/posts\/3289\/revisions\/3291"}],"wp:featuredmedia":[{"embeddable":true,"href":"https:\/\/lamallemaubeugeoise.fr\/index.php\/wp-json\/wp\/v2\/media\/3290"}],"wp:attachment":[{"href":"https:\/\/lamallemaubeugeoise.fr\/index.php\/wp-json\/wp\/v2\/media?parent=3289"}],"wp:term":[{"taxonomy":"category","embeddable":true,"href":"https:\/\/lamallemaubeugeoise.fr\/index.php\/wp-json\/wp\/v2\/categories?post=3289"},{"taxonomy":"post_tag","embeddable":true,"href":"https:\/\/lamallemaubeugeoise.fr\/index.php\/wp-json\/wp\/v2\/tags?post=3289"}],"curies":[{"name":"wp","href":"https:\/\/api.w.org\/{rel}","templated":true}]}}