{"id":822,"date":"2022-10-13T16:31:06","date_gmt":"2022-10-13T16:31:06","guid":{"rendered":"https:\/\/intelligent-chatelet.51-83-109-90.plesk.page\/?p=822"},"modified":"2023-01-25T16:29:11","modified_gmt":"2023-01-25T15:29:11","slug":"la-mere-et-lenfant","status":"publish","type":"post","link":"https:\/\/lamallemaubeugeoise.fr\/index.php\/2022\/10\/13\/la-mere-et-lenfant\/","title":{"rendered":"La M\u00e8re et l&rsquo;Enfant"},"content":{"rendered":"\t\t<div data-elementor-type=\"wp-post\" data-elementor-id=\"822\" class=\"elementor elementor-822\" data-elementor-post-type=\"post\">\n\t\t\t\t\t\t<section class=\"elementor-section elementor-top-section elementor-element elementor-element-77adc4a5 elementor-section-boxed elementor-section-height-default elementor-section-height-default\" data-id=\"77adc4a5\" data-element_type=\"section\" data-e-type=\"section\">\n\t\t\t\t\t\t<div class=\"elementor-container elementor-column-gap-default\">\n\t\t\t\t\t<div class=\"elementor-column elementor-col-100 elementor-top-column elementor-element elementor-element-974b46\" data-id=\"974b46\" data-element_type=\"column\" data-e-type=\"column\">\n\t\t\t<div class=\"elementor-widget-wrap elementor-element-populated\">\n\t\t\t\t\t\t<div class=\"elementor-element elementor-element-77d97bf9 elementor-widget elementor-widget-text-editor\" data-id=\"77d97bf9\" data-element_type=\"widget\" data-e-type=\"widget\" data-widget_type=\"text-editor.default\">\n\t\t\t\t<div class=\"elementor-widget-container\">\n\t\t\t\t\t\t\t\t\t<p><\/p>\n<p><span style=\"text-align: inherit; background-color: var( --e-global-color-c696dce );\">Mathurin MOREAU (1822 &#8211; 1912)<br \/><em>La M\u00e8re et l&rsquo;Enfant<\/em> <br \/>Bronze <br \/>71 cm<br \/>Maubeuge, Mus\u00e9e Henri-Bo\u00ebz\u00a0<\/span><\/p>\n<p>Fils de Jean-Baptiste Moreau, \u00e9galement sculpteur, Mathurin Moreau entre \u00e0 l\u2019\u00c9cole des Beaux-Arts de Paris en 1841 et obtient le deuxi\u00e8me prix de Rome en 1842. De nombreuses fois r\u00e9compens\u00e9 au Salon, il est nomm\u00e9 Officier de la L\u00e9gion d\u2019honneur en 1885. Plusieurs de ses sculptures ornent encore des monuments comm\u00e9moratifs ou les rues de Paris, \u00e0 l\u2019exemple d\u2019une sculpture repr\u00e9sentant <em>L\u2019Oc\u00e9anie<\/em> (1878) aujourd\u2019hui expos\u00e9e sur le parvis du Mus\u00e9e d\u2019Orsay ou encore une <em>Cariatide<\/em> sur la fa\u00e7ade de l\u2019Op\u00e9ra Garnier. Mais il s\u2019est aussi distingu\u00e9 sur des sujets plus intimes, comme ici, avec cette sculpture intitul\u00e9e <em>La M\u00e8re et l\u2019Enfant<\/em>.<\/p>\n<p>Ici, nous sommes face \u00e0 une sc\u00e8ne fr\u00e9quemment repr\u00e9sent\u00e9e en art et directement inspir\u00e9e des personnages bibliques de la Vierge et de l\u2019Enfant J\u00e9sus. L\u2019amour maternel est symbolis\u00e9 dans cet acte de protection de l\u2019enfant dont l\u2019apaisement contraste avec le regard inquiet de la m\u00e8re, tourn\u00e9 vers un danger que nous ne pouvons qu\u2019imaginer. Le v\u00eatement de la m\u00e8re, le tissu dans ses cheveux et ses pieds nus laissent imaginer l\u2019origine modeste de la jeune femme.<\/p>\n<p>L\u2019artiste s\u2019est d\u2019ailleurs beaucoup int\u00e9ress\u00e9 \u00e0 la repr\u00e9sentation de la population laborieuse du XIXe si\u00e8cle, la rendant digne d\u2019\u00eatre montr\u00e9e en art. Cette id\u00e9e se r\u00e9pand au fil du si\u00e8cle et peinture et sculpture offrent une nouvelle place \u00e0 ces nouveaux sujets : le travail des champs avec Millet ou encore le travail des forgerons avec Dalou, le travailleur devient une source d\u2019inspiration tant pour son corps \u00e9prouv\u00e9 et musculeux que pour les valeurs du courage et du travail qu\u2019il incarne.\u00a0<\/p>\n<p><\/p>\t\t\t\t\t\t\t\t<\/div>\n\t\t\t\t<\/div>\n\t\t\t\t\t<\/div>\n\t\t<\/div>\n\t\t\t\t\t<\/div>\n\t\t<\/section>\n\t\t\t\t<\/div>\n\t\t","protected":false},"excerpt":{"rendered":"<p>Mathurin MOREAU (1822 &#8211; 1912)La M\u00e8re et l&rsquo;Enfant Bronze 71 cmMaubeuge, Mus\u00e9e Henri-Bo\u00ebz\u00a0 Fils de Jean-Baptiste Moreau, \u00e9galement sculpteur, Mathurin Moreau entre \u00e0 l\u2019\u00c9cole des Beaux-Arts de Paris en 1841 et obtient le deuxi\u00e8me prix de Rome en 1842. De nombreuses fois r\u00e9compens\u00e9 au Salon, il est nomm\u00e9 Officier de la L\u00e9gion d\u2019honneur en 1885. [&hellip;]<\/p>\n","protected":false},"author":2,"featured_media":367,"comment_status":"open","ping_status":"open","sticky":false,"template":"","format":"standard","meta":{"footnotes":""},"categories":[14],"tags":[23],"class_list":["post-822","post","type-post","status-publish","format-standard","has-post-thumbnail","hentry","category-musee","tag-sculpture"],"yoast_head":"<!-- This site is optimized with the Yoast SEO plugin v27.2 - https:\/\/yoast.com\/product\/yoast-seo-wordpress\/ -->\n<title>Mathurin MOREAU - La m\u00e8re et l&#039;enfant<\/title>\n<meta name=\"description\" content=\"L&#039;amour maternel est symbolis\u00e9 dans cet acte de protection de l&#039;enfant dont l&#039;apaisement contraste avec le regard inquiet de la m\u00e8re. En savoir plus...\" \/>\n<meta name=\"robots\" content=\"index, follow, max-snippet:-1, max-image-preview:large, max-video-preview:-1\" \/>\n<link rel=\"canonical\" href=\"https:\/\/lamallemaubeugeoise.fr\/index.php\/2022\/10\/13\/la-mere-et-lenfant\/\" \/>\n<meta property=\"og:locale\" content=\"fr_FR\" \/>\n<meta property=\"og:type\" content=\"article\" \/>\n<meta property=\"og:title\" content=\"Mathurin MOREAU - La m\u00e8re et l&#039;enfant\" \/>\n<meta property=\"og:description\" content=\"L&#039;amour maternel est symbolis\u00e9 dans cet acte de protection de l&#039;enfant dont l&#039;apaisement contraste avec le regard inquiet de la m\u00e8re. En savoir plus...\" \/>\n<meta property=\"og:url\" content=\"https:\/\/lamallemaubeugeoise.fr\/index.php\/2022\/10\/13\/la-mere-et-lenfant\/\" \/>\n<meta property=\"og:site_name\" content=\"La Malle maubeugeoise\" \/>\n<meta property=\"article:publisher\" content=\"https:\/\/www.facebook.com\/VilledeMaubeuge\" \/>\n<meta property=\"article:published_time\" content=\"2022-10-13T16:31:06+00:00\" \/>\n<meta property=\"article:modified_time\" content=\"2023-01-25T15:29:11+00:00\" \/>\n<meta property=\"og:image\" content=\"https:\/\/lamallemaubeugeoise.fr\/wp-content\/uploads\/2022\/09\/993-1-1_0152-Redimensionnee.jpg\" \/>\n\t<meta property=\"og:image:width\" content=\"1920\" \/>\n\t<meta property=\"og:image:height\" content=\"2559\" \/>\n\t<meta property=\"og:image:type\" content=\"image\/jpeg\" \/>\n<meta name=\"author\" content=\"musees\" \/>\n<meta name=\"twitter:card\" content=\"summary_large_image\" \/>\n<meta name=\"twitter:creator\" content=\"@VilleMaubeuge\" \/>\n<meta name=\"twitter:site\" content=\"@VilleMaubeuge\" \/>\n<meta name=\"twitter:label1\" content=\"\u00c9crit par\" \/>\n\t<meta name=\"twitter:data1\" content=\"musees\" \/>\n\t<meta name=\"twitter:label2\" content=\"Dur\u00e9e de lecture estim\u00e9e\" \/>\n\t<meta name=\"twitter:data2\" content=\"2 minutes\" \/>\n<script type=\"application\/ld+json\" class=\"yoast-schema-graph\">{\"@context\":\"https:\/\/schema.org\",\"@graph\":[{\"@type\":\"Article\",\"@id\":\"https:\/\/lamallemaubeugeoise.fr\/index.php\/2022\/10\/13\/la-mere-et-lenfant\/#article\",\"isPartOf\":{\"@id\":\"https:\/\/lamallemaubeugeoise.fr\/index.php\/2022\/10\/13\/la-mere-et-lenfant\/\"},\"author\":{\"name\":\"musees\",\"@id\":\"https:\/\/lamallemaubeugeoise.fr\/#\/schema\/person\/93c878890f58b27093c10567b9299df1\"},\"headline\":\"La M\u00e8re et l&rsquo;Enfant\",\"datePublished\":\"2022-10-13T16:31:06+00:00\",\"dateModified\":\"2023-01-25T15:29:11+00:00\",\"mainEntityOfPage\":{\"@id\":\"https:\/\/lamallemaubeugeoise.fr\/index.php\/2022\/10\/13\/la-mere-et-lenfant\/\"},\"wordCount\":317,\"commentCount\":0,\"publisher\":{\"@id\":\"https:\/\/lamallemaubeugeoise.fr\/#organization\"},\"image\":{\"@id\":\"https:\/\/lamallemaubeugeoise.fr\/index.php\/2022\/10\/13\/la-mere-et-lenfant\/#primaryimage\"},\"thumbnailUrl\":\"https:\/\/lamallemaubeugeoise.fr\/wp-content\/uploads\/2022\/09\/993-1-1_0152-Redimensionnee.jpg\",\"keywords\":[\"sculpture\"],\"articleSection\":[\"Mus\u00e9e\"],\"inLanguage\":\"fr-FR\",\"potentialAction\":[{\"@type\":\"CommentAction\",\"name\":\"Comment\",\"target\":[\"https:\/\/lamallemaubeugeoise.fr\/index.php\/2022\/10\/13\/la-mere-et-lenfant\/#respond\"]}]},{\"@type\":\"WebPage\",\"@id\":\"https:\/\/lamallemaubeugeoise.fr\/index.php\/2022\/10\/13\/la-mere-et-lenfant\/\",\"url\":\"https:\/\/lamallemaubeugeoise.fr\/index.php\/2022\/10\/13\/la-mere-et-lenfant\/\",\"name\":\"Mathurin MOREAU - La m\u00e8re et l'enfant\",\"isPartOf\":{\"@id\":\"https:\/\/lamallemaubeugeoise.fr\/#website\"},\"primaryImageOfPage\":{\"@id\":\"https:\/\/lamallemaubeugeoise.fr\/index.php\/2022\/10\/13\/la-mere-et-lenfant\/#primaryimage\"},\"image\":{\"@id\":\"https:\/\/lamallemaubeugeoise.fr\/index.php\/2022\/10\/13\/la-mere-et-lenfant\/#primaryimage\"},\"thumbnailUrl\":\"https:\/\/lamallemaubeugeoise.fr\/wp-content\/uploads\/2022\/09\/993-1-1_0152-Redimensionnee.jpg\",\"datePublished\":\"2022-10-13T16:31:06+00:00\",\"dateModified\":\"2023-01-25T15:29:11+00:00\",\"description\":\"L'amour maternel est symbolis\u00e9 dans cet acte de protection de l'enfant dont l'apaisement contraste avec le regard inquiet de la m\u00e8re. En savoir plus...\",\"breadcrumb\":{\"@id\":\"https:\/\/lamallemaubeugeoise.fr\/index.php\/2022\/10\/13\/la-mere-et-lenfant\/#breadcrumb\"},\"inLanguage\":\"fr-FR\",\"potentialAction\":[{\"@type\":\"ReadAction\",\"target\":[\"https:\/\/lamallemaubeugeoise.fr\/index.php\/2022\/10\/13\/la-mere-et-lenfant\/\"]}]},{\"@type\":\"ImageObject\",\"inLanguage\":\"fr-FR\",\"@id\":\"https:\/\/lamallemaubeugeoise.fr\/index.php\/2022\/10\/13\/la-mere-et-lenfant\/#primaryimage\",\"url\":\"https:\/\/lamallemaubeugeoise.fr\/wp-content\/uploads\/2022\/09\/993-1-1_0152-Redimensionnee.jpg\",\"contentUrl\":\"https:\/\/lamallemaubeugeoise.fr\/wp-content\/uploads\/2022\/09\/993-1-1_0152-Redimensionnee.jpg\",\"width\":1920,\"height\":2559,\"caption\":\"\u00a9Franck Boucourt \/ Mus\u00e9e Henri Bo\u00ebz\"},{\"@type\":\"BreadcrumbList\",\"@id\":\"https:\/\/lamallemaubeugeoise.fr\/index.php\/2022\/10\/13\/la-mere-et-lenfant\/#breadcrumb\",\"itemListElement\":[{\"@type\":\"ListItem\",\"position\":1,\"name\":\"Accueil\",\"item\":\"https:\/\/lamallemaubeugeoise.fr\/\"},{\"@type\":\"ListItem\",\"position\":2,\"name\":\"La M\u00e8re et l&rsquo;Enfant\"}]},{\"@type\":\"WebSite\",\"@id\":\"https:\/\/lamallemaubeugeoise.fr\/#website\",\"url\":\"https:\/\/lamallemaubeugeoise.fr\/\",\"name\":\"La Malle maubeugeoise\",\"description\":\"\",\"publisher\":{\"@id\":\"https:\/\/lamallemaubeugeoise.fr\/#organization\"},\"potentialAction\":[{\"@type\":\"SearchAction\",\"target\":{\"@type\":\"EntryPoint\",\"urlTemplate\":\"https:\/\/lamallemaubeugeoise.fr\/?s={search_term_string}\"},\"query-input\":{\"@type\":\"PropertyValueSpecification\",\"valueRequired\":true,\"valueName\":\"search_term_string\"}}],\"inLanguage\":\"fr-FR\"},{\"@type\":\"Organization\",\"@id\":\"https:\/\/lamallemaubeugeoise.fr\/#organization\",\"name\":\"La Malle maubeugeoise\",\"url\":\"https:\/\/lamallemaubeugeoise.fr\/\",\"logo\":{\"@type\":\"ImageObject\",\"inLanguage\":\"fr-FR\",\"@id\":\"https:\/\/lamallemaubeugeoise.fr\/#\/schema\/logo\/image\/\",\"url\":\"https:\/\/lamallemaubeugeoise.fr\/wp-content\/uploads\/2022\/09\/logo_culture.png\",\"contentUrl\":\"https:\/\/lamallemaubeugeoise.fr\/wp-content\/uploads\/2022\/09\/logo_culture.png\",\"width\":500,\"height\":270,\"caption\":\"La Malle maubeugeoise\"},\"image\":{\"@id\":\"https:\/\/lamallemaubeugeoise.fr\/#\/schema\/logo\/image\/\"},\"sameAs\":[\"https:\/\/www.facebook.com\/VilledeMaubeuge\",\"https:\/\/x.com\/VilleMaubeuge\",\"https:\/\/www.instagram.com\/villedemaubeuge\/\",\"https:\/\/www.linkedin.com\/company\/42902618\/admin\/\",\"https:\/\/www.youtube.com\/channel\/UCqOferEXg9bqKz_6mzrxN4w\",\"https:\/\/t.me\/villeMaubeuge\"]},{\"@type\":\"Person\",\"@id\":\"https:\/\/lamallemaubeugeoise.fr\/#\/schema\/person\/93c878890f58b27093c10567b9299df1\",\"name\":\"musees\",\"image\":{\"@type\":\"ImageObject\",\"inLanguage\":\"fr-FR\",\"@id\":\"https:\/\/secure.gravatar.com\/avatar\/0ac2771c0cebd71d43bd65726a557bd4d775ad12389c57dcba58b86245cdd3f0?s=96&d=mm&r=g\",\"url\":\"https:\/\/secure.gravatar.com\/avatar\/0ac2771c0cebd71d43bd65726a557bd4d775ad12389c57dcba58b86245cdd3f0?s=96&d=mm&r=g\",\"contentUrl\":\"https:\/\/secure.gravatar.com\/avatar\/0ac2771c0cebd71d43bd65726a557bd4d775ad12389c57dcba58b86245cdd3f0?s=96&d=mm&r=g\",\"caption\":\"musees\"},\"url\":\"https:\/\/lamallemaubeugeoise.fr\/index.php\/author\/musees\/\"}]}<\/script>\n<!-- \/ Yoast SEO plugin. -->","yoast_head_json":{"title":"Mathurin MOREAU - La m\u00e8re et l'enfant","description":"L'amour maternel est symbolis\u00e9 dans cet acte de protection de l'enfant dont l'apaisement contraste avec le regard inquiet de la m\u00e8re. En savoir plus...","robots":{"index":"index","follow":"follow","max-snippet":"max-snippet:-1","max-image-preview":"max-image-preview:large","max-video-preview":"max-video-preview:-1"},"canonical":"https:\/\/lamallemaubeugeoise.fr\/index.php\/2022\/10\/13\/la-mere-et-lenfant\/","og_locale":"fr_FR","og_type":"article","og_title":"Mathurin MOREAU - La m\u00e8re et l'enfant","og_description":"L'amour maternel est symbolis\u00e9 dans cet acte de protection de l'enfant dont l'apaisement contraste avec le regard inquiet de la m\u00e8re. En savoir plus...","og_url":"https:\/\/lamallemaubeugeoise.fr\/index.php\/2022\/10\/13\/la-mere-et-lenfant\/","og_site_name":"La Malle maubeugeoise","article_publisher":"https:\/\/www.facebook.com\/VilledeMaubeuge","article_published_time":"2022-10-13T16:31:06+00:00","article_modified_time":"2023-01-25T15:29:11+00:00","og_image":[{"width":1920,"height":2559,"url":"https:\/\/lamallemaubeugeoise.fr\/wp-content\/uploads\/2022\/09\/993-1-1_0152-Redimensionnee.jpg","type":"image\/jpeg"}],"author":"musees","twitter_card":"summary_large_image","twitter_creator":"@VilleMaubeuge","twitter_site":"@VilleMaubeuge","twitter_misc":{"\u00c9crit par":"musees","Dur\u00e9e de lecture estim\u00e9e":"2 minutes"},"schema":{"@context":"https:\/\/schema.org","@graph":[{"@type":"Article","@id":"https:\/\/lamallemaubeugeoise.fr\/index.php\/2022\/10\/13\/la-mere-et-lenfant\/#article","isPartOf":{"@id":"https:\/\/lamallemaubeugeoise.fr\/index.php\/2022\/10\/13\/la-mere-et-lenfant\/"},"author":{"name":"musees","@id":"https:\/\/lamallemaubeugeoise.fr\/#\/schema\/person\/93c878890f58b27093c10567b9299df1"},"headline":"La M\u00e8re et l&rsquo;Enfant","datePublished":"2022-10-13T16:31:06+00:00","dateModified":"2023-01-25T15:29:11+00:00","mainEntityOfPage":{"@id":"https:\/\/lamallemaubeugeoise.fr\/index.php\/2022\/10\/13\/la-mere-et-lenfant\/"},"wordCount":317,"commentCount":0,"publisher":{"@id":"https:\/\/lamallemaubeugeoise.fr\/#organization"},"image":{"@id":"https:\/\/lamallemaubeugeoise.fr\/index.php\/2022\/10\/13\/la-mere-et-lenfant\/#primaryimage"},"thumbnailUrl":"https:\/\/lamallemaubeugeoise.fr\/wp-content\/uploads\/2022\/09\/993-1-1_0152-Redimensionnee.jpg","keywords":["sculpture"],"articleSection":["Mus\u00e9e"],"inLanguage":"fr-FR","potentialAction":[{"@type":"CommentAction","name":"Comment","target":["https:\/\/lamallemaubeugeoise.fr\/index.php\/2022\/10\/13\/la-mere-et-lenfant\/#respond"]}]},{"@type":"WebPage","@id":"https:\/\/lamallemaubeugeoise.fr\/index.php\/2022\/10\/13\/la-mere-et-lenfant\/","url":"https:\/\/lamallemaubeugeoise.fr\/index.php\/2022\/10\/13\/la-mere-et-lenfant\/","name":"Mathurin MOREAU - La m\u00e8re et l'enfant","isPartOf":{"@id":"https:\/\/lamallemaubeugeoise.fr\/#website"},"primaryImageOfPage":{"@id":"https:\/\/lamallemaubeugeoise.fr\/index.php\/2022\/10\/13\/la-mere-et-lenfant\/#primaryimage"},"image":{"@id":"https:\/\/lamallemaubeugeoise.fr\/index.php\/2022\/10\/13\/la-mere-et-lenfant\/#primaryimage"},"thumbnailUrl":"https:\/\/lamallemaubeugeoise.fr\/wp-content\/uploads\/2022\/09\/993-1-1_0152-Redimensionnee.jpg","datePublished":"2022-10-13T16:31:06+00:00","dateModified":"2023-01-25T15:29:11+00:00","description":"L'amour maternel est symbolis\u00e9 dans cet acte de protection de l'enfant dont l'apaisement contraste avec le regard inquiet de la m\u00e8re. En savoir plus...","breadcrumb":{"@id":"https:\/\/lamallemaubeugeoise.fr\/index.php\/2022\/10\/13\/la-mere-et-lenfant\/#breadcrumb"},"inLanguage":"fr-FR","potentialAction":[{"@type":"ReadAction","target":["https:\/\/lamallemaubeugeoise.fr\/index.php\/2022\/10\/13\/la-mere-et-lenfant\/"]}]},{"@type":"ImageObject","inLanguage":"fr-FR","@id":"https:\/\/lamallemaubeugeoise.fr\/index.php\/2022\/10\/13\/la-mere-et-lenfant\/#primaryimage","url":"https:\/\/lamallemaubeugeoise.fr\/wp-content\/uploads\/2022\/09\/993-1-1_0152-Redimensionnee.jpg","contentUrl":"https:\/\/lamallemaubeugeoise.fr\/wp-content\/uploads\/2022\/09\/993-1-1_0152-Redimensionnee.jpg","width":1920,"height":2559,"caption":"\u00a9Franck Boucourt \/ Mus\u00e9e Henri Bo\u00ebz"},{"@type":"BreadcrumbList","@id":"https:\/\/lamallemaubeugeoise.fr\/index.php\/2022\/10\/13\/la-mere-et-lenfant\/#breadcrumb","itemListElement":[{"@type":"ListItem","position":1,"name":"Accueil","item":"https:\/\/lamallemaubeugeoise.fr\/"},{"@type":"ListItem","position":2,"name":"La M\u00e8re et l&rsquo;Enfant"}]},{"@type":"WebSite","@id":"https:\/\/lamallemaubeugeoise.fr\/#website","url":"https:\/\/lamallemaubeugeoise.fr\/","name":"La Malle maubeugeoise","description":"","publisher":{"@id":"https:\/\/lamallemaubeugeoise.fr\/#organization"},"potentialAction":[{"@type":"SearchAction","target":{"@type":"EntryPoint","urlTemplate":"https:\/\/lamallemaubeugeoise.fr\/?s={search_term_string}"},"query-input":{"@type":"PropertyValueSpecification","valueRequired":true,"valueName":"search_term_string"}}],"inLanguage":"fr-FR"},{"@type":"Organization","@id":"https:\/\/lamallemaubeugeoise.fr\/#organization","name":"La Malle maubeugeoise","url":"https:\/\/lamallemaubeugeoise.fr\/","logo":{"@type":"ImageObject","inLanguage":"fr-FR","@id":"https:\/\/lamallemaubeugeoise.fr\/#\/schema\/logo\/image\/","url":"https:\/\/lamallemaubeugeoise.fr\/wp-content\/uploads\/2022\/09\/logo_culture.png","contentUrl":"https:\/\/lamallemaubeugeoise.fr\/wp-content\/uploads\/2022\/09\/logo_culture.png","width":500,"height":270,"caption":"La Malle maubeugeoise"},"image":{"@id":"https:\/\/lamallemaubeugeoise.fr\/#\/schema\/logo\/image\/"},"sameAs":["https:\/\/www.facebook.com\/VilledeMaubeuge","https:\/\/x.com\/VilleMaubeuge","https:\/\/www.instagram.com\/villedemaubeuge\/","https:\/\/www.linkedin.com\/company\/42902618\/admin\/","https:\/\/www.youtube.com\/channel\/UCqOferEXg9bqKz_6mzrxN4w","https:\/\/t.me\/villeMaubeuge"]},{"@type":"Person","@id":"https:\/\/lamallemaubeugeoise.fr\/#\/schema\/person\/93c878890f58b27093c10567b9299df1","name":"musees","image":{"@type":"ImageObject","inLanguage":"fr-FR","@id":"https:\/\/secure.gravatar.com\/avatar\/0ac2771c0cebd71d43bd65726a557bd4d775ad12389c57dcba58b86245cdd3f0?s=96&d=mm&r=g","url":"https:\/\/secure.gravatar.com\/avatar\/0ac2771c0cebd71d43bd65726a557bd4d775ad12389c57dcba58b86245cdd3f0?s=96&d=mm&r=g","contentUrl":"https:\/\/secure.gravatar.com\/avatar\/0ac2771c0cebd71d43bd65726a557bd4d775ad12389c57dcba58b86245cdd3f0?s=96&d=mm&r=g","caption":"musees"},"url":"https:\/\/lamallemaubeugeoise.fr\/index.php\/author\/musees\/"}]}},"_links":{"self":[{"href":"https:\/\/lamallemaubeugeoise.fr\/index.php\/wp-json\/wp\/v2\/posts\/822","targetHints":{"allow":["GET"]}}],"collection":[{"href":"https:\/\/lamallemaubeugeoise.fr\/index.php\/wp-json\/wp\/v2\/posts"}],"about":[{"href":"https:\/\/lamallemaubeugeoise.fr\/index.php\/wp-json\/wp\/v2\/types\/post"}],"author":[{"embeddable":true,"href":"https:\/\/lamallemaubeugeoise.fr\/index.php\/wp-json\/wp\/v2\/users\/2"}],"replies":[{"embeddable":true,"href":"https:\/\/lamallemaubeugeoise.fr\/index.php\/wp-json\/wp\/v2\/comments?post=822"}],"version-history":[{"count":23,"href":"https:\/\/lamallemaubeugeoise.fr\/index.php\/wp-json\/wp\/v2\/posts\/822\/revisions"}],"predecessor-version":[{"id":2992,"href":"https:\/\/lamallemaubeugeoise.fr\/index.php\/wp-json\/wp\/v2\/posts\/822\/revisions\/2992"}],"wp:featuredmedia":[{"embeddable":true,"href":"https:\/\/lamallemaubeugeoise.fr\/index.php\/wp-json\/wp\/v2\/media\/367"}],"wp:attachment":[{"href":"https:\/\/lamallemaubeugeoise.fr\/index.php\/wp-json\/wp\/v2\/media?parent=822"}],"wp:term":[{"taxonomy":"category","embeddable":true,"href":"https:\/\/lamallemaubeugeoise.fr\/index.php\/wp-json\/wp\/v2\/categories?post=822"},{"taxonomy":"post_tag","embeddable":true,"href":"https:\/\/lamallemaubeugeoise.fr\/index.php\/wp-json\/wp\/v2\/tags?post=822"}],"curies":[{"name":"wp","href":"https:\/\/api.w.org\/{rel}","templated":true}]}}