{"id":978,"date":"2022-10-18T08:32:37","date_gmt":"2022-10-18T08:32:37","guid":{"rendered":"https:\/\/intelligent-chatelet.51-83-109-90.plesk.page\/?p=978"},"modified":"2023-01-25T16:25:46","modified_gmt":"2023-01-25T15:25:46","slug":"allegorie","status":"publish","type":"post","link":"https:\/\/lamallemaubeugeoise.fr\/index.php\/2022\/10\/18\/allegorie\/","title":{"rendered":"All\u00e9gorie"},"content":{"rendered":"\t\t<div data-elementor-type=\"wp-post\" data-elementor-id=\"978\" class=\"elementor elementor-978\" data-elementor-post-type=\"post\">\n\t\t\t\t\t\t<section class=\"elementor-section elementor-top-section elementor-element elementor-element-77adc4a5 elementor-section-boxed elementor-section-height-default elementor-section-height-default\" data-id=\"77adc4a5\" data-element_type=\"section\" data-e-type=\"section\">\n\t\t\t\t\t\t<div class=\"elementor-container elementor-column-gap-default\">\n\t\t\t\t\t<div class=\"elementor-column elementor-col-100 elementor-top-column elementor-element elementor-element-974b46\" data-id=\"974b46\" data-element_type=\"column\" data-e-type=\"column\">\n\t\t\t<div class=\"elementor-widget-wrap elementor-element-populated\">\n\t\t\t\t\t\t<div class=\"elementor-element elementor-element-77d97bf9 elementor-widget elementor-widget-text-editor\" data-id=\"77d97bf9\" data-element_type=\"widget\" data-e-type=\"widget\" data-widget_type=\"text-editor.default\">\n\t\t\t\t<div class=\"elementor-widget-container\">\n\t\t\t\t\t\t\t\t\t<p><strong>Trois en un, et c\u2019est de bonne gr\u00e2ce\u00a0! <\/strong><\/p><p>Johann GRUND (1808 \u2013 1887) <br \/><em>All\u00e9gorie<\/em> <br \/>1863 <br \/>Huile sur toile <br \/>51 cm (diam\u00e8tre)<br \/>Maubeuge, Mus\u00e9e Henri Bo\u00ebz<\/p><p>Johann Grund a \u00e9tudi\u00e9 \u00e0 l\u2019Acad\u00e9mie de Vienne, \u00e0 Paris, puis en Allemagne et en Italie. R\u00e9alisant des portraits tout autant que des sc\u00e8nes de genre ou mythologiques, les personnages f\u00e9minins sont tr\u00e8s pr\u00e9sents dans sa cr\u00e9ation.<\/p><p>Ce tableau repr\u00e9sente une all\u00e9gorie. Une all\u00e9gorie est un proc\u00e9d\u00e9 qui permet de repr\u00e9senter sous les traits d\u2019un personnage une id\u00e9e abstraite. Ici, la pr\u00e9sence de trois jeunes femmes ne peut qu\u2019\u00e9voquer les Trois Gr\u00e2ces, d\u00e9esses mythologiques du charme, de la beaut\u00e9 et de la cr\u00e9ativit\u00e9. Souvent repr\u00e9sent\u00e9es nues et voluptueuses, l\u2019artiste viennois fait ici le choix de les repr\u00e9senter sobrement v\u00eatues avec des couronnes de fleurs dans les cheveux. Il est impossible de les identifier mais leurs visages doux et leurs l\u00e9gers sourires cr\u00e9ent une forme de solennit\u00e9 accentu\u00e9e par le paysage \u00e9voquant une aurore ou un cr\u00e9puscule. Le tableau rond encourage l\u2019id\u00e9e d\u2019une harmonie. Le travail de l\u2019artiste porte sur l\u2019accord des couleurs et sur la repr\u00e9sentation des drap\u00e9s.<\/p>\t\t\t\t\t\t\t\t<\/div>\n\t\t\t\t<\/div>\n\t\t\t\t\t<\/div>\n\t\t<\/div>\n\t\t\t\t\t<\/div>\n\t\t<\/section>\n\t\t\t\t<\/div>\n\t\t","protected":false},"excerpt":{"rendered":"<p>Trois en un, et c\u2019est de bonne gr\u00e2ce&nbsp;! Johann GRUND (1808 \u2013 1887) All\u00e9gorie 1863 Huile sur toile 51 cm (diam\u00e8tre) Maubeuge, Mus\u00e9e Henri Bo\u00ebz Johann Grund a \u00e9tudi\u00e9 \u00e0 l\u2019Acad\u00e9mie de Vienne, \u00e0 Paris, puis en Allemagne et en Italie. R\u00e9alisant des portraits tout autant que des sc\u00e8nes de genre ou mythologiques, les personnages [&hellip;]<\/p>\n","protected":false},"author":2,"featured_media":363,"comment_status":"open","ping_status":"open","sticky":false,"template":"","format":"standard","meta":{"footnotes":""},"categories":[14],"tags":[19],"class_list":["post-978","post","type-post","status-publish","format-standard","has-post-thumbnail","hentry","category-musee","tag-peinture"],"yoast_head":"<!-- This site is optimized with the Yoast SEO plugin v27.2 - https:\/\/yoast.com\/product\/yoast-seo-wordpress\/ -->\n<title>Johann GRUND - All\u00e9gorie<\/title>\n<meta name=\"description\" content=\"Une all\u00e9gorie est un proc\u00e9d\u00e9 qui permet de repr\u00e9senter sous les traits d&#039;un personnage notamment une id\u00e9e abstraite. En savoir plus...\" \/>\n<meta name=\"robots\" content=\"index, follow, max-snippet:-1, max-image-preview:large, max-video-preview:-1\" \/>\n<link rel=\"canonical\" href=\"https:\/\/lamallemaubeugeoise.fr\/index.php\/2022\/10\/18\/allegorie\/\" \/>\n<meta property=\"og:locale\" content=\"fr_FR\" \/>\n<meta property=\"og:type\" content=\"article\" \/>\n<meta property=\"og:title\" content=\"Johann GRUND - All\u00e9gorie\" \/>\n<meta property=\"og:description\" content=\"Une all\u00e9gorie est un proc\u00e9d\u00e9 qui permet de repr\u00e9senter sous les traits d&#039;un personnage notamment une id\u00e9e abstraite. En savoir plus...\" \/>\n<meta property=\"og:url\" content=\"https:\/\/lamallemaubeugeoise.fr\/index.php\/2022\/10\/18\/allegorie\/\" \/>\n<meta property=\"og:site_name\" content=\"La Malle maubeugeoise\" \/>\n<meta property=\"article:publisher\" content=\"https:\/\/www.facebook.com\/VilledeMaubeuge\" \/>\n<meta property=\"article:published_time\" content=\"2022-10-18T08:32:37+00:00\" \/>\n<meta property=\"article:modified_time\" content=\"2023-01-25T15:25:46+00:00\" \/>\n<meta property=\"og:image\" content=\"https:\/\/lamallemaubeugeoise.fr\/wp-content\/uploads\/2022\/09\/978-5-2_0243modif2-Redimensionnee-1017x1024.jpg\" \/>\n\t<meta property=\"og:image:width\" content=\"1017\" \/>\n\t<meta property=\"og:image:height\" content=\"1024\" \/>\n\t<meta property=\"og:image:type\" content=\"image\/jpeg\" \/>\n<meta name=\"author\" content=\"musees\" \/>\n<meta name=\"twitter:card\" content=\"summary_large_image\" \/>\n<meta name=\"twitter:creator\" content=\"@VilleMaubeuge\" \/>\n<meta name=\"twitter:site\" content=\"@VilleMaubeuge\" \/>\n<meta name=\"twitter:label1\" content=\"\u00c9crit par\" \/>\n\t<meta name=\"twitter:data1\" content=\"musees\" \/>\n\t<meta name=\"twitter:label2\" content=\"Dur\u00e9e de lecture estim\u00e9e\" \/>\n\t<meta name=\"twitter:data2\" content=\"1 minute\" \/>\n<script type=\"application\/ld+json\" class=\"yoast-schema-graph\">{\"@context\":\"https:\/\/schema.org\",\"@graph\":[{\"@type\":\"Article\",\"@id\":\"https:\/\/lamallemaubeugeoise.fr\/index.php\/2022\/10\/18\/allegorie\/#article\",\"isPartOf\":{\"@id\":\"https:\/\/lamallemaubeugeoise.fr\/index.php\/2022\/10\/18\/allegorie\/\"},\"author\":{\"name\":\"musees\",\"@id\":\"https:\/\/lamallemaubeugeoise.fr\/#\/schema\/person\/93c878890f58b27093c10567b9299df1\"},\"headline\":\"All\u00e9gorie\",\"datePublished\":\"2022-10-18T08:32:37+00:00\",\"dateModified\":\"2023-01-25T15:25:46+00:00\",\"mainEntityOfPage\":{\"@id\":\"https:\/\/lamallemaubeugeoise.fr\/index.php\/2022\/10\/18\/allegorie\/\"},\"wordCount\":221,\"commentCount\":0,\"publisher\":{\"@id\":\"https:\/\/lamallemaubeugeoise.fr\/#organization\"},\"image\":{\"@id\":\"https:\/\/lamallemaubeugeoise.fr\/index.php\/2022\/10\/18\/allegorie\/#primaryimage\"},\"thumbnailUrl\":\"https:\/\/lamallemaubeugeoise.fr\/wp-content\/uploads\/2022\/09\/978-5-2_0243modif2-Redimensionnee.jpg\",\"keywords\":[\"peinture\"],\"articleSection\":[\"Mus\u00e9e\"],\"inLanguage\":\"fr-FR\",\"potentialAction\":[{\"@type\":\"CommentAction\",\"name\":\"Comment\",\"target\":[\"https:\/\/lamallemaubeugeoise.fr\/index.php\/2022\/10\/18\/allegorie\/#respond\"]}]},{\"@type\":\"WebPage\",\"@id\":\"https:\/\/lamallemaubeugeoise.fr\/index.php\/2022\/10\/18\/allegorie\/\",\"url\":\"https:\/\/lamallemaubeugeoise.fr\/index.php\/2022\/10\/18\/allegorie\/\",\"name\":\"Johann GRUND - All\u00e9gorie\",\"isPartOf\":{\"@id\":\"https:\/\/lamallemaubeugeoise.fr\/#website\"},\"primaryImageOfPage\":{\"@id\":\"https:\/\/lamallemaubeugeoise.fr\/index.php\/2022\/10\/18\/allegorie\/#primaryimage\"},\"image\":{\"@id\":\"https:\/\/lamallemaubeugeoise.fr\/index.php\/2022\/10\/18\/allegorie\/#primaryimage\"},\"thumbnailUrl\":\"https:\/\/lamallemaubeugeoise.fr\/wp-content\/uploads\/2022\/09\/978-5-2_0243modif2-Redimensionnee.jpg\",\"datePublished\":\"2022-10-18T08:32:37+00:00\",\"dateModified\":\"2023-01-25T15:25:46+00:00\",\"description\":\"Une all\u00e9gorie est un proc\u00e9d\u00e9 qui permet de repr\u00e9senter sous les traits d'un personnage notamment une id\u00e9e abstraite. En savoir plus...\",\"breadcrumb\":{\"@id\":\"https:\/\/lamallemaubeugeoise.fr\/index.php\/2022\/10\/18\/allegorie\/#breadcrumb\"},\"inLanguage\":\"fr-FR\",\"potentialAction\":[{\"@type\":\"ReadAction\",\"target\":[\"https:\/\/lamallemaubeugeoise.fr\/index.php\/2022\/10\/18\/allegorie\/\"]}]},{\"@type\":\"ImageObject\",\"inLanguage\":\"fr-FR\",\"@id\":\"https:\/\/lamallemaubeugeoise.fr\/index.php\/2022\/10\/18\/allegorie\/#primaryimage\",\"url\":\"https:\/\/lamallemaubeugeoise.fr\/wp-content\/uploads\/2022\/09\/978-5-2_0243modif2-Redimensionnee.jpg\",\"contentUrl\":\"https:\/\/lamallemaubeugeoise.fr\/wp-content\/uploads\/2022\/09\/978-5-2_0243modif2-Redimensionnee.jpg\",\"width\":1920,\"height\":1934,\"caption\":\"\u00a9Franck Boucourt \/ Mus\u00e9e Henri Bo\u00ebz\"},{\"@type\":\"BreadcrumbList\",\"@id\":\"https:\/\/lamallemaubeugeoise.fr\/index.php\/2022\/10\/18\/allegorie\/#breadcrumb\",\"itemListElement\":[{\"@type\":\"ListItem\",\"position\":1,\"name\":\"Accueil\",\"item\":\"https:\/\/lamallemaubeugeoise.fr\/\"},{\"@type\":\"ListItem\",\"position\":2,\"name\":\"All\u00e9gorie\"}]},{\"@type\":\"WebSite\",\"@id\":\"https:\/\/lamallemaubeugeoise.fr\/#website\",\"url\":\"https:\/\/lamallemaubeugeoise.fr\/\",\"name\":\"La Malle maubeugeoise\",\"description\":\"\",\"publisher\":{\"@id\":\"https:\/\/lamallemaubeugeoise.fr\/#organization\"},\"potentialAction\":[{\"@type\":\"SearchAction\",\"target\":{\"@type\":\"EntryPoint\",\"urlTemplate\":\"https:\/\/lamallemaubeugeoise.fr\/?s={search_term_string}\"},\"query-input\":{\"@type\":\"PropertyValueSpecification\",\"valueRequired\":true,\"valueName\":\"search_term_string\"}}],\"inLanguage\":\"fr-FR\"},{\"@type\":\"Organization\",\"@id\":\"https:\/\/lamallemaubeugeoise.fr\/#organization\",\"name\":\"La Malle maubeugeoise\",\"url\":\"https:\/\/lamallemaubeugeoise.fr\/\",\"logo\":{\"@type\":\"ImageObject\",\"inLanguage\":\"fr-FR\",\"@id\":\"https:\/\/lamallemaubeugeoise.fr\/#\/schema\/logo\/image\/\",\"url\":\"https:\/\/lamallemaubeugeoise.fr\/wp-content\/uploads\/2022\/09\/logo_culture.png\",\"contentUrl\":\"https:\/\/lamallemaubeugeoise.fr\/wp-content\/uploads\/2022\/09\/logo_culture.png\",\"width\":500,\"height\":270,\"caption\":\"La Malle maubeugeoise\"},\"image\":{\"@id\":\"https:\/\/lamallemaubeugeoise.fr\/#\/schema\/logo\/image\/\"},\"sameAs\":[\"https:\/\/www.facebook.com\/VilledeMaubeuge\",\"https:\/\/x.com\/VilleMaubeuge\",\"https:\/\/www.instagram.com\/villedemaubeuge\/\",\"https:\/\/www.linkedin.com\/company\/42902618\/admin\/\",\"https:\/\/www.youtube.com\/channel\/UCqOferEXg9bqKz_6mzrxN4w\",\"https:\/\/t.me\/villeMaubeuge\"]},{\"@type\":\"Person\",\"@id\":\"https:\/\/lamallemaubeugeoise.fr\/#\/schema\/person\/93c878890f58b27093c10567b9299df1\",\"name\":\"musees\",\"image\":{\"@type\":\"ImageObject\",\"inLanguage\":\"fr-FR\",\"@id\":\"https:\/\/secure.gravatar.com\/avatar\/0ac2771c0cebd71d43bd65726a557bd4d775ad12389c57dcba58b86245cdd3f0?s=96&d=mm&r=g\",\"url\":\"https:\/\/secure.gravatar.com\/avatar\/0ac2771c0cebd71d43bd65726a557bd4d775ad12389c57dcba58b86245cdd3f0?s=96&d=mm&r=g\",\"contentUrl\":\"https:\/\/secure.gravatar.com\/avatar\/0ac2771c0cebd71d43bd65726a557bd4d775ad12389c57dcba58b86245cdd3f0?s=96&d=mm&r=g\",\"caption\":\"musees\"},\"url\":\"https:\/\/lamallemaubeugeoise.fr\/index.php\/author\/musees\/\"}]}<\/script>\n<!-- \/ Yoast SEO plugin. -->","yoast_head_json":{"title":"Johann GRUND - All\u00e9gorie","description":"Une all\u00e9gorie est un proc\u00e9d\u00e9 qui permet de repr\u00e9senter sous les traits d'un personnage notamment une id\u00e9e abstraite. En savoir plus...","robots":{"index":"index","follow":"follow","max-snippet":"max-snippet:-1","max-image-preview":"max-image-preview:large","max-video-preview":"max-video-preview:-1"},"canonical":"https:\/\/lamallemaubeugeoise.fr\/index.php\/2022\/10\/18\/allegorie\/","og_locale":"fr_FR","og_type":"article","og_title":"Johann GRUND - All\u00e9gorie","og_description":"Une all\u00e9gorie est un proc\u00e9d\u00e9 qui permet de repr\u00e9senter sous les traits d'un personnage notamment une id\u00e9e abstraite. En savoir plus...","og_url":"https:\/\/lamallemaubeugeoise.fr\/index.php\/2022\/10\/18\/allegorie\/","og_site_name":"La Malle maubeugeoise","article_publisher":"https:\/\/www.facebook.com\/VilledeMaubeuge","article_published_time":"2022-10-18T08:32:37+00:00","article_modified_time":"2023-01-25T15:25:46+00:00","og_image":[{"width":1017,"height":1024,"url":"https:\/\/lamallemaubeugeoise.fr\/wp-content\/uploads\/2022\/09\/978-5-2_0243modif2-Redimensionnee-1017x1024.jpg","type":"image\/jpeg"}],"author":"musees","twitter_card":"summary_large_image","twitter_creator":"@VilleMaubeuge","twitter_site":"@VilleMaubeuge","twitter_misc":{"\u00c9crit par":"musees","Dur\u00e9e de lecture estim\u00e9e":"1 minute"},"schema":{"@context":"https:\/\/schema.org","@graph":[{"@type":"Article","@id":"https:\/\/lamallemaubeugeoise.fr\/index.php\/2022\/10\/18\/allegorie\/#article","isPartOf":{"@id":"https:\/\/lamallemaubeugeoise.fr\/index.php\/2022\/10\/18\/allegorie\/"},"author":{"name":"musees","@id":"https:\/\/lamallemaubeugeoise.fr\/#\/schema\/person\/93c878890f58b27093c10567b9299df1"},"headline":"All\u00e9gorie","datePublished":"2022-10-18T08:32:37+00:00","dateModified":"2023-01-25T15:25:46+00:00","mainEntityOfPage":{"@id":"https:\/\/lamallemaubeugeoise.fr\/index.php\/2022\/10\/18\/allegorie\/"},"wordCount":221,"commentCount":0,"publisher":{"@id":"https:\/\/lamallemaubeugeoise.fr\/#organization"},"image":{"@id":"https:\/\/lamallemaubeugeoise.fr\/index.php\/2022\/10\/18\/allegorie\/#primaryimage"},"thumbnailUrl":"https:\/\/lamallemaubeugeoise.fr\/wp-content\/uploads\/2022\/09\/978-5-2_0243modif2-Redimensionnee.jpg","keywords":["peinture"],"articleSection":["Mus\u00e9e"],"inLanguage":"fr-FR","potentialAction":[{"@type":"CommentAction","name":"Comment","target":["https:\/\/lamallemaubeugeoise.fr\/index.php\/2022\/10\/18\/allegorie\/#respond"]}]},{"@type":"WebPage","@id":"https:\/\/lamallemaubeugeoise.fr\/index.php\/2022\/10\/18\/allegorie\/","url":"https:\/\/lamallemaubeugeoise.fr\/index.php\/2022\/10\/18\/allegorie\/","name":"Johann GRUND - All\u00e9gorie","isPartOf":{"@id":"https:\/\/lamallemaubeugeoise.fr\/#website"},"primaryImageOfPage":{"@id":"https:\/\/lamallemaubeugeoise.fr\/index.php\/2022\/10\/18\/allegorie\/#primaryimage"},"image":{"@id":"https:\/\/lamallemaubeugeoise.fr\/index.php\/2022\/10\/18\/allegorie\/#primaryimage"},"thumbnailUrl":"https:\/\/lamallemaubeugeoise.fr\/wp-content\/uploads\/2022\/09\/978-5-2_0243modif2-Redimensionnee.jpg","datePublished":"2022-10-18T08:32:37+00:00","dateModified":"2023-01-25T15:25:46+00:00","description":"Une all\u00e9gorie est un proc\u00e9d\u00e9 qui permet de repr\u00e9senter sous les traits d'un personnage notamment une id\u00e9e abstraite. En savoir plus...","breadcrumb":{"@id":"https:\/\/lamallemaubeugeoise.fr\/index.php\/2022\/10\/18\/allegorie\/#breadcrumb"},"inLanguage":"fr-FR","potentialAction":[{"@type":"ReadAction","target":["https:\/\/lamallemaubeugeoise.fr\/index.php\/2022\/10\/18\/allegorie\/"]}]},{"@type":"ImageObject","inLanguage":"fr-FR","@id":"https:\/\/lamallemaubeugeoise.fr\/index.php\/2022\/10\/18\/allegorie\/#primaryimage","url":"https:\/\/lamallemaubeugeoise.fr\/wp-content\/uploads\/2022\/09\/978-5-2_0243modif2-Redimensionnee.jpg","contentUrl":"https:\/\/lamallemaubeugeoise.fr\/wp-content\/uploads\/2022\/09\/978-5-2_0243modif2-Redimensionnee.jpg","width":1920,"height":1934,"caption":"\u00a9Franck Boucourt \/ Mus\u00e9e Henri Bo\u00ebz"},{"@type":"BreadcrumbList","@id":"https:\/\/lamallemaubeugeoise.fr\/index.php\/2022\/10\/18\/allegorie\/#breadcrumb","itemListElement":[{"@type":"ListItem","position":1,"name":"Accueil","item":"https:\/\/lamallemaubeugeoise.fr\/"},{"@type":"ListItem","position":2,"name":"All\u00e9gorie"}]},{"@type":"WebSite","@id":"https:\/\/lamallemaubeugeoise.fr\/#website","url":"https:\/\/lamallemaubeugeoise.fr\/","name":"La Malle maubeugeoise","description":"","publisher":{"@id":"https:\/\/lamallemaubeugeoise.fr\/#organization"},"potentialAction":[{"@type":"SearchAction","target":{"@type":"EntryPoint","urlTemplate":"https:\/\/lamallemaubeugeoise.fr\/?s={search_term_string}"},"query-input":{"@type":"PropertyValueSpecification","valueRequired":true,"valueName":"search_term_string"}}],"inLanguage":"fr-FR"},{"@type":"Organization","@id":"https:\/\/lamallemaubeugeoise.fr\/#organization","name":"La Malle maubeugeoise","url":"https:\/\/lamallemaubeugeoise.fr\/","logo":{"@type":"ImageObject","inLanguage":"fr-FR","@id":"https:\/\/lamallemaubeugeoise.fr\/#\/schema\/logo\/image\/","url":"https:\/\/lamallemaubeugeoise.fr\/wp-content\/uploads\/2022\/09\/logo_culture.png","contentUrl":"https:\/\/lamallemaubeugeoise.fr\/wp-content\/uploads\/2022\/09\/logo_culture.png","width":500,"height":270,"caption":"La Malle maubeugeoise"},"image":{"@id":"https:\/\/lamallemaubeugeoise.fr\/#\/schema\/logo\/image\/"},"sameAs":["https:\/\/www.facebook.com\/VilledeMaubeuge","https:\/\/x.com\/VilleMaubeuge","https:\/\/www.instagram.com\/villedemaubeuge\/","https:\/\/www.linkedin.com\/company\/42902618\/admin\/","https:\/\/www.youtube.com\/channel\/UCqOferEXg9bqKz_6mzrxN4w","https:\/\/t.me\/villeMaubeuge"]},{"@type":"Person","@id":"https:\/\/lamallemaubeugeoise.fr\/#\/schema\/person\/93c878890f58b27093c10567b9299df1","name":"musees","image":{"@type":"ImageObject","inLanguage":"fr-FR","@id":"https:\/\/secure.gravatar.com\/avatar\/0ac2771c0cebd71d43bd65726a557bd4d775ad12389c57dcba58b86245cdd3f0?s=96&d=mm&r=g","url":"https:\/\/secure.gravatar.com\/avatar\/0ac2771c0cebd71d43bd65726a557bd4d775ad12389c57dcba58b86245cdd3f0?s=96&d=mm&r=g","contentUrl":"https:\/\/secure.gravatar.com\/avatar\/0ac2771c0cebd71d43bd65726a557bd4d775ad12389c57dcba58b86245cdd3f0?s=96&d=mm&r=g","caption":"musees"},"url":"https:\/\/lamallemaubeugeoise.fr\/index.php\/author\/musees\/"}]}},"_links":{"self":[{"href":"https:\/\/lamallemaubeugeoise.fr\/index.php\/wp-json\/wp\/v2\/posts\/978","targetHints":{"allow":["GET"]}}],"collection":[{"href":"https:\/\/lamallemaubeugeoise.fr\/index.php\/wp-json\/wp\/v2\/posts"}],"about":[{"href":"https:\/\/lamallemaubeugeoise.fr\/index.php\/wp-json\/wp\/v2\/types\/post"}],"author":[{"embeddable":true,"href":"https:\/\/lamallemaubeugeoise.fr\/index.php\/wp-json\/wp\/v2\/users\/2"}],"replies":[{"embeddable":true,"href":"https:\/\/lamallemaubeugeoise.fr\/index.php\/wp-json\/wp\/v2\/comments?post=978"}],"version-history":[{"count":17,"href":"https:\/\/lamallemaubeugeoise.fr\/index.php\/wp-json\/wp\/v2\/posts\/978\/revisions"}],"predecessor-version":[{"id":2988,"href":"https:\/\/lamallemaubeugeoise.fr\/index.php\/wp-json\/wp\/v2\/posts\/978\/revisions\/2988"}],"wp:featuredmedia":[{"embeddable":true,"href":"https:\/\/lamallemaubeugeoise.fr\/index.php\/wp-json\/wp\/v2\/media\/363"}],"wp:attachment":[{"href":"https:\/\/lamallemaubeugeoise.fr\/index.php\/wp-json\/wp\/v2\/media?parent=978"}],"wp:term":[{"taxonomy":"category","embeddable":true,"href":"https:\/\/lamallemaubeugeoise.fr\/index.php\/wp-json\/wp\/v2\/categories?post=978"},{"taxonomy":"post_tag","embeddable":true,"href":"https:\/\/lamallemaubeugeoise.fr\/index.php\/wp-json\/wp\/v2\/tags?post=978"}],"curies":[{"name":"wp","href":"https:\/\/api.w.org\/{rel}","templated":true}]}}